{"id":22,"count":19,"description":"In unserem Leben verbringen wir durchschnittlich rund 1,5 Jahre im Badezimmer. W\u00e4re es da nicht toll, wenn wir den Badaufenthalt zu einem besonderen Wohlf\u00fchlerlebnis machen k\u00f6nnten? Sie w\u00fcnschen sich das auch, wissen aber nicht, wie Sie das mit wenig Aufwand erreichen? Lichteffekte und Dekoelemente k\u00f6nnen schon f\u00fcr eine entspannte Atmosph\u00e4re sorgen. Eine Regendusche verwandelt das t\u00e4gliche Duschen in ein Dschungelfeeling. Im Duschenprofis Magazin zeigen wir Ihnen viele Beispiele und Ideen, wie Sie sich Ihr privates Wellness Bad schaffen k\u00f6nnen. Experten und BlogerInnen verraten Tipps und DIY-Ideen, mit denen Sie Ihr Badezimmer ganz einfach in eine Oase f\u00fcr alle Ihre Sinne verwandeln. Schauen Sie mal rein und schaffen Sie sich ihr eigenes Wellness Bad!","link":"https:\/\/www.duschenprofis.de\/magazin\/tag\/wellness-bad\/","name":"Wellness Bad","slug":"wellness-bad","taxonomy":"post_tag","meta":[],"yoast_head":"<!-- This site is optimized with the Yoast SEO plugin v27.4 - https:\/\/yoast.com\/product\/yoast-seo-wordpress\/ -->\n<title>Wellness Bad - Tipps und Ideen im Duschenprofis Magazin<\/title>\n<meta name=\"description\" content=\"Wellness Bad geplant? Lassen Sie sich von Fachleuten und Kreativen inspirieren!\" \/>\n<meta name=\"robots\" content=\"index, follow, max-snippet:-1, max-image-preview:large, max-video-preview:-1\" \/>\n<link rel=\"canonical\" href=\"https:\/\/www.duschenprofis.de\/magazin\/tag\/wellness-bad\/\" \/>\n<meta property=\"og:locale\" content=\"de_DE\" \/>\n<meta property=\"og:type\" content=\"article\" \/>\n<meta property=\"og:title\" content=\"Wellness Bad - Tipps und Ideen im Duschenprofis Magazin\" \/>\n<meta property=\"og:description\" content=\"Wellness Bad geplant? Lassen Sie sich von Fachleuten und Kreativen inspirieren!\" \/>\n<meta property=\"og:url\" content=\"https:\/\/www.duschenprofis.de\/magazin\/tag\/wellness-bad\/\" \/>\n<meta property=\"og:site_name\" content=\"Duschenprofis\" \/>\n<meta name=\"twitter:card\" content=\"summary_large_image\" \/>\n<script type=\"application\/ld+json\" class=\"yoast-schema-graph\">{\"@context\":\"https:\\\/\\\/schema.org\",\"@graph\":[{\"@type\":\"CollectionPage\",\"@id\":\"https:\\\/\\\/www.duschenprofis.de\\\/magazin\\\/tag\\\/wellness-bad\\\/\",\"url\":\"https:\\\/\\\/www.duschenprofis.de\\\/magazin\\\/tag\\\/wellness-bad\\\/\",\"name\":\"Wellness Bad - Tipps und Ideen im Duschenprofis Magazin\",\"isPartOf\":{\"@id\":\"https:\\\/\\\/www.duschenprofis.de\\\/magazin\\\/#website\"},\"description\":\"Wellness Bad geplant? Lassen Sie sich von Fachleuten und Kreativen inspirieren!\",\"breadcrumb\":{\"@id\":\"https:\\\/\\\/www.duschenprofis.de\\\/magazin\\\/tag\\\/wellness-bad\\\/#breadcrumb\"},\"inLanguage\":\"de\"},{\"@type\":\"BreadcrumbList\",\"@id\":\"https:\\\/\\\/www.duschenprofis.de\\\/magazin\\\/tag\\\/wellness-bad\\\/#breadcrumb\",\"itemListElement\":[{\"@type\":\"ListItem\",\"position\":1,\"name\":\"Startseite\",\"item\":\"https:\\\/\\\/www.duschenprofis.de\\\/magazin\\\/\"},{\"@type\":\"ListItem\",\"position\":2,\"name\":\"Wellness Bad\"}]},{\"@type\":\"WebSite\",\"@id\":\"https:\\\/\\\/www.duschenprofis.de\\\/magazin\\\/#website\",\"url\":\"https:\\\/\\\/www.duschenprofis.de\\\/magazin\\\/\",\"name\":\"Duschenprofis\",\"description\":\"Neues von den Duschenprofis: Tipps und Tricks rund ums Bad, DiY und Ratgeber zur Badplanung.\",\"potentialAction\":[{\"@type\":\"SearchAction\",\"target\":{\"@type\":\"EntryPoint\",\"urlTemplate\":\"https:\\\/\\\/www.duschenprofis.de\\\/magazin\\\/?s={search_term_string}\"},\"query-input\":{\"@type\":\"PropertyValueSpecification\",\"valueRequired\":true,\"valueName\":\"search_term_string\"}}],\"inLanguage\":\"de\"}]}<\/script>\n<!-- \/ Yoast SEO plugin. -->","yoast_head_json":{"title":"Wellness Bad - Tipps und Ideen im Duschenprofis Magazin","description":"Wellness Bad geplant? Lassen Sie sich von Fachleuten und Kreativen inspirieren!","robots":{"index":"index","follow":"follow","max-snippet":"max-snippet:-1","max-image-preview":"max-image-preview:large","max-video-preview":"max-video-preview:-1"},"canonical":"https:\/\/www.duschenprofis.de\/magazin\/tag\/wellness-bad\/","og_locale":"de_DE","og_type":"article","og_title":"Wellness Bad - Tipps und Ideen im Duschenprofis Magazin","og_description":"Wellness Bad geplant? Lassen Sie sich von Fachleuten und Kreativen inspirieren!","og_url":"https:\/\/www.duschenprofis.de\/magazin\/tag\/wellness-bad\/","og_site_name":"Duschenprofis","twitter_card":"summary_large_image","schema":{"@context":"https:\/\/schema.org","@graph":[{"@type":"CollectionPage","@id":"https:\/\/www.duschenprofis.de\/magazin\/tag\/wellness-bad\/","url":"https:\/\/www.duschenprofis.de\/magazin\/tag\/wellness-bad\/","name":"Wellness Bad - Tipps und Ideen im Duschenprofis Magazin","isPartOf":{"@id":"https:\/\/www.duschenprofis.de\/magazin\/#website"},"description":"Wellness Bad geplant? Lassen Sie sich von Fachleuten und Kreativen inspirieren!","breadcrumb":{"@id":"https:\/\/www.duschenprofis.de\/magazin\/tag\/wellness-bad\/#breadcrumb"},"inLanguage":"de"},{"@type":"BreadcrumbList","@id":"https:\/\/www.duschenprofis.de\/magazin\/tag\/wellness-bad\/#breadcrumb","itemListElement":[{"@type":"ListItem","position":1,"name":"Startseite","item":"https:\/\/www.duschenprofis.de\/magazin\/"},{"@type":"ListItem","position":2,"name":"Wellness Bad"}]},{"@type":"WebSite","@id":"https:\/\/www.duschenprofis.de\/magazin\/#website","url":"https:\/\/www.duschenprofis.de\/magazin\/","name":"Duschenprofis","description":"Neues von den Duschenprofis: Tipps und Tricks rund ums Bad, DiY und Ratgeber zur Badplanung.","potentialAction":[{"@type":"SearchAction","target":{"@type":"EntryPoint","urlTemplate":"https:\/\/www.duschenprofis.de\/magazin\/?s={search_term_string}"},"query-input":{"@type":"PropertyValueSpecification","valueRequired":true,"valueName":"search_term_string"}}],"inLanguage":"de"}]}},"lang":"de","translations":{"de":22,"de-at":149},"_links":{"self":[{"href":"https:\/\/www.duschenprofis.de\/magazin\/wp-json\/wp\/v2\/tags\/22","targetHints":{"allow":["GET"]}}],"collection":[{"href":"https:\/\/www.duschenprofis.de\/magazin\/wp-json\/wp\/v2\/tags"}],"about":[{"href":"https:\/\/www.duschenprofis.de\/magazin\/wp-json\/wp\/v2\/taxonomies\/post_tag"}],"wp:post_type":[{"href":"https:\/\/www.duschenprofis.de\/magazin\/wp-json\/wp\/v2\/posts?tags=22"},{"href":"https:\/\/www.duschenprofis.de\/magazin\/wp-json\/wp\/v2\/portfolio?tags=22"}],"curies":[{"name":"wp","href":"https:\/\/api.w.org\/{rel}","templated":true}]}}