{"id":498,"date":"2015-12-04T10:35:53","date_gmt":"2015-12-04T08:35:53","guid":{"rendered":"https:\/\/www.duschenprofis.de\/magazin\/?p=498"},"modified":"2025-10-16T13:47:08","modified_gmt":"2025-10-16T11:47:08","slug":"5-probleme-kleiner-baeder","status":"publish","type":"post","link":"https:\/\/www.duschenprofis.de\/magazin\/5-probleme-kleiner-baeder\/","title":{"rendered":"5 Duschen-Probleme kleiner B\u00e4der und die passenden L\u00f6sungen"},"content":{"rendered":"<section  class='av_textblock_section av-mea2hkin-6e0339f3b101154aada34170b92cb01a '   itemscope=\"itemscope\" itemtype=\"https:\/\/schema.org\/BlogPosting\" itemprop=\"blogPost\" ><div class='avia_textblock'  itemprop=\"text\" ><p><img loading=\"lazy\" decoding=\"async\" class=\"aligncenter wp-image-540 size-gallery\" src=\"https:\/\/www.duschenprofis.de\/magazin\/wp-content\/uploads\/2015\/12\/Dusche-Badewanne-klarglas-dachschraege_Ventura691-845x684.jpg\" alt=\"modernes Bad mit blauem Boden\" width=\"845\" height=\"684\" srcset=\"https:\/\/www.duschenprofis.de\/magazin\/wp-content\/uploads\/2015\/12\/Dusche-Badewanne-klarglas-dachschraege_Ventura691-845x684.jpg 845w, https:\/\/www.duschenprofis.de\/magazin\/wp-content\/uploads\/2015\/12\/Dusche-Badewanne-klarglas-dachschraege_Ventura691-495x400.jpg 495w\" sizes=\"auto, (max-width: 845px) 100vw, 845px\" \/><\/p>\n<p><strong>Damit Sie bei einem kleinen Badezimmer keine Abstriche bei der Ausstattung machen m\u00fcssen, zeigen wir Ihnen die passenden Dusch-L\u00f6sungen, die sich am besten f\u00fcr die g\u00e4ngigen Probleme von kleinen B\u00e4dern eigenen. F\u00fcr mehr Komfort und Platz im Badezimmer und ein angenehmes Dusch-Erlebnis. <\/strong><\/p>\n<p>Wenn Sie ein kleines Bad haben, kennen Sie dieses Problem bestimmt: Das Bad soll mit dem gr\u00f6\u00dftm\u00f6glichem Komfort, jedoch auch m\u00f6glichst platzsparend ausgestattet sein. Ausreichend Bewegungsfreiheit im Badezimmer ist schlie\u00dflich ebenso wichtig wie Funktionalit\u00e4t. Um f\u00fcr ein kleines Badezimmer eine optimale Raumaufteilung zu erzielen, ist es ratsam, besonders bei den gro\u00dfen Objekten wie der Dusche umsichtig zu planen und den vorhandenen Platz bestm\u00f6glich zu nutzen.<\/p>\n<p>Nachfolgend haben wir f\u00fcr Sie die besten Dusch-L\u00f6sungen f\u00fcr die verschiedenen T\u00fccken kleiner Badezimmer zusammengestellt.<\/p>\n<div id=\"attachment_514\" style=\"width: 2058px\" class=\"wp-caption aligncenter\"><img loading=\"lazy\" decoding=\"async\" aria-describedby=\"caption-attachment-514\" class=\"size-full wp-image-514\" src=\"https:\/\/www.duschenprofis.de\/magazin\/wp-content\/uploads\/2015\/12\/Bodengleiche-Dusche-klarglas_collage-KatarzynaBialasiewicz.jpg\" alt=\"Ger\u00e4umige Duschen trotz kleiner Badezimmer f\u00fcr mehr Komfort.\" width=\"2048\" height=\"1534\" srcset=\"https:\/\/www.duschenprofis.de\/magazin\/wp-content\/uploads\/2015\/12\/Bodengleiche-Dusche-klarglas_collage-KatarzynaBialasiewicz.jpg 2048w, https:\/\/www.duschenprofis.de\/magazin\/wp-content\/uploads\/2015\/12\/Bodengleiche-Dusche-klarglas_collage-KatarzynaBialasiewicz-300x225.jpg 300w, https:\/\/www.duschenprofis.de\/magazin\/wp-content\/uploads\/2015\/12\/Bodengleiche-Dusche-klarglas_collage-KatarzynaBialasiewicz-1030x771.jpg 1030w, https:\/\/www.duschenprofis.de\/magazin\/wp-content\/uploads\/2015\/12\/Bodengleiche-Dusche-klarglas_collage-KatarzynaBialasiewicz-768x575.jpg 768w, https:\/\/www.duschenprofis.de\/magazin\/wp-content\/uploads\/2015\/12\/Bodengleiche-Dusche-klarglas_collage-KatarzynaBialasiewicz-1536x1151.jpg 1536w, https:\/\/www.duschenprofis.de\/magazin\/wp-content\/uploads\/2015\/12\/Bodengleiche-Dusche-klarglas_collage-KatarzynaBialasiewicz-1500x1124.jpg 1500w, https:\/\/www.duschenprofis.de\/magazin\/wp-content\/uploads\/2015\/12\/Bodengleiche-Dusche-klarglas_collage-KatarzynaBialasiewicz-705x528.jpg 705w\" sizes=\"auto, (max-width: 2048px) 100vw, 2048px\" \/><p id=\"caption-attachment-514\" class=\"wp-caption-text\">Ger\u00e4umige Duschen trotz kleiner Badezimmer f\u00fcr mehr Komfort.<\/p><\/div>\n<h2>Problemfall 1: Dachschr\u00e4ge<\/h2>\n<p>Wenn Ihr Bad Dachschr\u00e4gen hat, gibt es bessere L\u00f6sungen, als die Dusche mitten im Raum zu platzieren, nur weil dort die Deckenh\u00f6he passt. Die Dusche in der Dachschr\u00e4ge ist machbar!<\/p>\n<h3>Die L\u00f6sung<\/h3>\n<p>Die beste L\u00f6sung ist eine Duschkabine mit einem Glas-Schr\u00e4gschnitt, welcher zur Neigung der Dachschr\u00e4ge passt. Die <a href=\"https:\/\/www.duschenprofis.de\/duschkabinen\/\" data-bcup-haslogintext=\"no\">Duschkabine<\/a> wird genau in dem Ma\u00df gefertigt, das Sie ben\u00f6tigen. Auch bei Wandvorspr\u00fcngen ist eine <strong>individuell angefertigte Dusche<\/strong> die passende L\u00f6sung. In vielen F\u00e4llen k\u00f6nnen wir aber auch mit dem Standardprogramm ohne Ma\u00dfanfertigung helfen. Oft kann man einen Glas-Schr\u00e4gschnitt oben vermeiden, indem man eine Dusche mit verk\u00fcrzter Standard-Glash\u00f6he von 173 Zentimeter w\u00e4hlt. Bei Wandvorspr\u00fcngen, in Mauernischen oder neben Badewannen ist die gute L\u00f6sung oftmals eine Innent\u00fcre aus dem Standardprogramm, die neben den Wandvorsprung montiert wird und sich zum Putzen einklappen l\u00e4sst. Damit ist kein Glas-Ausschnitt notwendig und es findet sich eine L\u00f6sung unabh\u00e4ngig von der Gr\u00f6\u00dfe des Wandvorsprungs.<\/p>\n<p>Wenn bei der Dusche ein<strong> ungew\u00f6hnlicher Schnitt<\/strong> notwendig ist, um nicht mit der Dachschr\u00e4ge in Konflikt zu gelangen, k\u00f6nnen Sie oft auf unser Standardprogramm zugreifen. Hier werden gleich- und ungleichschenklige L\u00f6sungen teilweise im 1-Zentimeter-Gr\u00f6\u00dfenraster angeboten &#8211; dies in \u00fcber 3000 Varianten: So k\u00f6nnen wir auch bei ungew\u00f6hnlichen Schnitten eine f\u00fcr Sie individuell passende Dusche meist sofort liefern.<\/p>\n<p>Hier gelangen Sie direkt zu den passenden Produkten in unserem Shop:<\/p>\n<ul class=\"wp-block-list\">\n<li><a href=\"https:\/\/www.duschenprofis.de\/duschen-nach-mass.html\" data-bcup-haslogintext=\"no\">Duschen nach Ma\u00df <\/a><\/li>\n<li><a href=\"https:\/\/www.duschenprofis.de\/duschen-aufmass.html\" data-bcup-haslogintext=\"no\">Aufma\u00df-Service f\u00fcr individuelle Duschen nach Ma\u00df mit Glas-Schr\u00e4gschnitt oder Aussparung <\/a><\/li>\n<li><a href=\"https:\/\/www.duschenprofis.de\/duschabtrennungen\/innentueren.html\" data-bcup-haslogintext=\"no\">Duschen mit Innent\u00fcren<\/a><\/li>\n<\/ul>\n<p>Sie k\u00f6nnen Ihre Dusche individuell anfertigen lassen, damit sie direkt an die Dachschr\u00e4ge passt<\/p>\n<div id=\"attachment_5182\" style=\"width: 610px\" class=\"wp-caption aligncenter\"><img loading=\"lazy\" decoding=\"async\" aria-describedby=\"caption-attachment-5182\" class=\"size-full wp-image-5182\" src=\"https:\/\/www.duschenprofis.de\/magazin\/wp-content\/uploads\/2023\/04\/dusche-nach-mass.jpg\" alt=\"duschkabine nach mass\" width=\"600\" height=\"761\" srcset=\"https:\/\/www.duschenprofis.de\/magazin\/wp-content\/uploads\/2023\/04\/dusche-nach-mass.jpg 600w, https:\/\/www.duschenprofis.de\/magazin\/wp-content\/uploads\/2023\/04\/dusche-nach-mass-237x300.jpg 237w, https:\/\/www.duschenprofis.de\/magazin\/wp-content\/uploads\/2023\/04\/dusche-nach-mass-556x705.jpg 556w\" sizes=\"auto, (max-width: 600px) 100vw, 600px\" \/><p id=\"caption-attachment-5182\" class=\"wp-caption-text\">Ma\u00dfgefertigte Dusche \u2013 Duschkabine in individuellen Ma\u00dfen<\/p><\/div>\n<h2>Problemfall 2: Enger Raum<\/h2>\n<p>Manchmal ist auch gar nicht die tats\u00e4chliche Gr\u00f6\u00dfe des Badezimmers das Problem, sondern der Schnitt. Ein langes und schmales Badezimmer kann zwar fl\u00e4chenm\u00e4\u00dfig gro\u00df sein, aber dennoch sehr eng wirken. Doch auch auf engem Raum k\u00f6nnen Sie bei der Einrichtung ein wenig tricksen, um das Badezimmer gr\u00f6\u00dfer erscheinen zu lassen.<\/p>\n<h3>Die L\u00f6sung<\/h3>\n<p>Zum einen sollten Sie unbedingt <strong>Klarglasscheiben<\/strong> f\u00fcr Ihre Dusche verwenden, denn durch die luftige Transparenz der Glas Dusche wirkt der Raum weiter. Milchglasscheiben oder gar dunkle Duschw\u00e4nde lassen den Raum dagegen noch enger wirken, also w\u00fcrden wir Duschenprofis in diesem Fall davon abraten.<\/p>\n<p>Ein weiterer guter Trick um den Raum optisch gr\u00f6\u00dfer erscheinen zu lassen, ist eine <strong>bodengleiche Dusche<\/strong>, deren Boden mit den gleichen Fliesen des restlichen Badezimmers ausgestattet ist, zum Beispiel durch Verwendung eines befliesbaren Duschelementes. Das Auge nimmt den gesamten Boden als eine Einheit war, wodurch der Raum gr\u00f6\u00dfer erscheint. Wenn Sie eine Walk In Dusche w\u00e4hlen, haben Sie zudem den Vorteil, dass keine T\u00fcr in den Raum ragt. Unser Tipp dazu: Diagonal verlegte Fliesen erweitern den Raum. Auch gro\u00dfformatige Fliesen in gedeckten Farben wirken optisch vergr\u00f6\u00dfernd, kleinteilige Mosaikfliesen oder unruhige Muster machen den Raum eher klein. F\u00fcr die Wandgestaltung eignen sich klassische wei\u00dfe Fliesen eher als bunte Farben, kleine farbliche Akzente k\u00f6nnen Sie mit Handt\u00fcchern, Accessoires und Badteppichen setzen.<\/p>\n<p>Es ist au\u00dferdem eine \u00dcberlegung wert, statt einer viereckigen Dusche eine <strong>Viertelkreis-Dusche<\/strong> oder eine <strong>F\u00fcnfeck-Dusche<\/strong> zu w\u00e4hlen, da diese nicht so weit in den Raum hinein ragen. Wenn der Platz zwischen Dusche und gegen\u00fcberliegender Wand sehr eng ist, sind au\u00dferdem <strong>T\u00fcren an Glas-Festteilen<\/strong> oder <strong>Innent\u00fcren<\/strong> sehr empfehlenswert, da diese im Gegensatz zu voll \u00f6ffnenden T\u00fcren weniger Raum beanspruchen.<\/p>\n<p>Hier gelangen Sie direkt zu den passenden Produkten im Shop:<\/p>\n<ul class=\"wp-block-list\">\n<li><a href=\"https:\/\/www.duschenprofis.de\/bodengleiche-duschen\/duschkabinen.html\" data-bcup-haslogintext=\"no\">Bodengleiche Duschkabinen<\/a><\/li>\n<li><a href=\"https:\/\/www.duschenprofis.de\/bodengleiche-duschen\/duschelemente-befliesbar.html\" data-bcup-haslogintext=\"no\">Befliesbare Duschboards<\/a><\/li>\n<li><a href=\"https:\/\/www.duschenprofis.de\/duschkabinen\/viertelkreisdusche.html\" data-bcup-haslogintext=\"no\">Viertelkreis-Dusche<\/a><\/li>\n<li><a href=\"https:\/\/www.duschenprofis.de\/duschabtrennungen\/innentueren\/acf-fuenfeck-dusche-mit-innentuere.html\" data-bcup-haslogintext=\"no\">F\u00fcnfeck-Dusche<\/a><\/li>\n<li><a href=\"https:\/\/www.duschenprofis.de\/duschabtrennungen\/innentueren.html\" data-bcup-haslogintext=\"no\">Duschen mit Innent\u00fcren<\/a><\/li>\n<\/ul>\n<div id=\"attachment_505\" style=\"width: 1162px\" class=\"wp-caption aligncenter\"><img loading=\"lazy\" decoding=\"async\" aria-describedby=\"caption-attachment-505\" class=\"size-full wp-image-505\" src=\"https:\/\/www.duschenprofis.de\/magazin\/wp-content\/uploads\/2015\/12\/Dusche-Klarglas-kleines-Bad_KatarzynaBialasiewicz-Medium.jpg\" alt=\"Bei einem engen Raum sollten Sie Klarglasscheiben w\u00e4hlen, damit Sie nicht \u201evor einer Wand\u201c stehen und der Raum noch enger wirkt.\" width=\"1152\" height=\"768\" srcset=\"https:\/\/www.duschenprofis.de\/magazin\/wp-content\/uploads\/2015\/12\/Dusche-Klarglas-kleines-Bad_KatarzynaBialasiewicz-Medium.jpg 1152w, https:\/\/www.duschenprofis.de\/magazin\/wp-content\/uploads\/2015\/12\/Dusche-Klarglas-kleines-Bad_KatarzynaBialasiewicz-Medium-300x200.jpg 300w, https:\/\/www.duschenprofis.de\/magazin\/wp-content\/uploads\/2015\/12\/Dusche-Klarglas-kleines-Bad_KatarzynaBialasiewicz-Medium-1030x687.jpg 1030w, https:\/\/www.duschenprofis.de\/magazin\/wp-content\/uploads\/2015\/12\/Dusche-Klarglas-kleines-Bad_KatarzynaBialasiewicz-Medium-768x512.jpg 768w, https:\/\/www.duschenprofis.de\/magazin\/wp-content\/uploads\/2015\/12\/Dusche-Klarglas-kleines-Bad_KatarzynaBialasiewicz-Medium-705x470.jpg 705w\" sizes=\"auto, (max-width: 1152px) 100vw, 1152px\" \/><p id=\"caption-attachment-505\" class=\"wp-caption-text\">Bei einem engen Raum sollten Sie Klarglasscheiben w\u00e4hlen, damit Sie nicht \u201evor einer Wand\u201c stehen und der Raum noch enger wirkt.<\/p><\/div>\n<h2>Problemfall 3: Verwinkelter Grundriss<\/h2>\n<p>F\u00fcr ein Badezimmer mit verwinkeltem Grundriss die richtige Dusche auszuw\u00e4hlen, scheint erst einmal kompliziert. Doch es ist m\u00f6glich, Duschen in so ziemlich jede Nische einzupassen. Wenn Sie die Ausstattung f\u00fcr Ihr Badezimmer planen, beginnen Sie mit den gr\u00f6\u00dften Objekten wie der Dusche.<\/p>\n<h3>Die L\u00f6sung<\/h3>\n<p>Um bei einem verwinkelten Grundriss den Platz m\u00f6glichst effektiv auszunutzen, k\u00f6nnen Sie zwischen den individuellen <strong>Duschen nach Ma\u00df w\u00e4hlen oder <\/strong>Sie planen eine Nischen-Dusche, denn oftmals sind\u00a0<strong>Duschen f\u00fcr Nischen<\/strong> die optimale L\u00f6sung f\u00fcr ansonsten ungenutzten Platz, und Sie erhalten so im restlichen Bad mehr Freiraum. Manchmal kann die Nische auch geeignet sein, eine Waschmaschine oder anderes Ger\u00e4t zu \u201everstecken\u201c und die Dusche mehr ins Zentrum des Badezimmers zu r\u00fccken.<\/p>\n<p>Ein gelungenes Beispiel einer solchen Nische zeigt dieses Foto: In die Ecke neben den Eingang des Bades wurde eine Leichtbauwand gesetzt, dahinter findet der Wasch-Trocken-Turm Platz, ohne besonders im Vordergrund zu stehen. Auf der Innenseite der Dusche ist die Nischenwand wei\u00df gefliest wie die restlichen W\u00e4nde des Badezimmers, das schafft optisch Raum. Die Duschkabine neben der Badewanne hat eine nach innen und au\u00dfen \u00f6ffnende Pendelt\u00fcr an Festteil, um Kollisionen mit dem gegen\u00fcberliegenden Waschtisch zu vermeiden. Gleichzeitig erleichtert die nach innen \u00f6ffende T\u00fcr das Reinigen der Dusche. Die Seitenwand der Duschkabine ist in der H\u00f6he verk\u00fcrzt und passend zum individuellen H\u00f6henunterschied zwischen Badewanne und Dusche.<\/p>\n<div id=\"attachment_5208\" style=\"width: 610px\" class=\"wp-caption aligncenter\"><img loading=\"lazy\" decoding=\"async\" aria-describedby=\"caption-attachment-5208\" class=\"size-full wp-image-5208\" src=\"https:\/\/www.duschenprofis.de\/magazin\/wp-content\/uploads\/2015\/12\/vorher-nachher-dusche-1.jpg\" alt=\"Vorher Nachher Dusche mit Nische\" width=\"600\" height=\"300\" srcset=\"https:\/\/www.duschenprofis.de\/magazin\/wp-content\/uploads\/2015\/12\/vorher-nachher-dusche-1.jpg 600w, https:\/\/www.duschenprofis.de\/magazin\/wp-content\/uploads\/2015\/12\/vorher-nachher-dusche-1-300x150.jpg 300w\" sizes=\"auto, (max-width: 600px) 100vw, 600px\" \/><p id=\"caption-attachment-5208\" class=\"wp-caption-text\">Der Wasch-Trocken-Turm tauscht Platz mit der Dusche und verschwindet in der Nische.<\/p><\/div>\n<p>Manchmal sind auch verschiedene Formen der Dusche eine L\u00f6sung bei verwinkelten B\u00e4dern, denn bespielsweise eine <strong>f\u00fcnfeckige Dusche<\/strong> oder eine <strong>Viertelkreis-Dusche<\/strong> sparen mehr Platz als eine quadratische Dusche. Es empfiehlt sich auch gezielt mit rechteckigen Duschwannenformaten zu planen, da damit der m\u00f6gliche Duschplatz voll ausgenutzt werden (z.B. 120 x 80 cm). Das sollten Sie je nach Grundriss individuell entscheiden.<\/p>\n<p>Hier gelangen Sie direkt zu den passenden Produkten im Shop:<\/p>\n<ul class=\"wp-block-list\">\n<li><a href=\"https:\/\/www.duschenprofis.de\/duschen-nach-mass.html\" data-bcup-haslogintext=\"no\">Ma\u00df-Duschen <\/a><\/li>\n<li><a href=\"https:\/\/www.duschenprofis.de\/duschabtrennungen\/duschtuer-nische.html\" data-bcup-haslogintext=\"no\">Duschen f\u00fcr Nischen<\/a><\/li>\n<li><a href=\"https:\/\/www.duschenprofis.de\/duschabtrennungen.html\" data-bcup-haslogintext=\"no\">Duschabtrennungen in verschiedenen Formen<\/a><\/li>\n<li><a href=\"https:\/\/www.duschenprofis.de\/duschwannen.html\" data-bcup-haslogintext=\"no\">Duschwannen in verschiedenen Formen<\/a><\/li>\n<\/ul>\n<div id=\"attachment_507\" style=\"width: 597px\" class=\"wp-caption aligncenter\"><img loading=\"lazy\" decoding=\"async\" aria-describedby=\"caption-attachment-507\" class=\"size-full wp-image-507\" src=\"https:\/\/www.duschenprofis.de\/magazin\/wp-content\/uploads\/2015\/12\/grundriss-dusche.jpg\" alt=\"Nicht immer ist ein rechteckiger Grundriss sinnvoll. Mit anderem Formen k\u00f6nnen Sie eventuell Platz sparen.\" width=\"587\" height=\"432\" srcset=\"https:\/\/www.duschenprofis.de\/magazin\/wp-content\/uploads\/2015\/12\/grundriss-dusche.jpg 587w, https:\/\/www.duschenprofis.de\/magazin\/wp-content\/uploads\/2015\/12\/grundriss-dusche-300x221.jpg 300w\" sizes=\"auto, (max-width: 587px) 100vw, 587px\" \/><p id=\"caption-attachment-507\" class=\"wp-caption-text\">Nicht immer ist ein rechteckiger Grundriss sinnvoll. Mit anderem Formen k\u00f6nnen Sie eventuell Platz sparen.<\/p><\/div>\n<h2>Problemfall 4: Niedrige Deckenh\u00f6he<\/h2>\n<p>Besonders bei \u00e4lteren Geb\u00e4uden sind die Decken oft sehr niedrig. Damit Sie beim Haare waschen nicht an die Decke sto\u00dfen, sollte jeder verf\u00fcgbare Millimeter ausgenutzt werden.<\/p>\n<h3>Die L\u00f6sung<\/h3>\n<p>Bei einer niedrigen Deckenh\u00f6he bietet sich eine <strong>bodengleiche Dusche<\/strong> an. Damit k\u00f6nnen Sie einige Zentimeter an H\u00f6he gewinnen, die durch eine hohe Duschwanne verloren gehen w\u00fcrden. F\u00fcr eine bodengleiche Dusche beziehungsweise einen m\u00f6glichst niedrigen Boden der Dusche gibt es verschiedene M\u00f6glichkeiten.<\/p>\n<p>Zum einen k\u00f6nnen Sie <strong>befliesbare Duschelemente<\/strong> nutzen. Damit wirkt der Raum zudem optisch gr\u00f6\u00dfer, wenn Badezimmerboden und Duschboden als eine einheitliche Fl\u00e4che wahrgenommen werden.<\/p>\n<p>Au\u00dferdem gibt es <strong>bodengleiche Duschwannen<\/strong> <strong>oder Duschboards<\/strong> in verschiedenen Ausf\u00fchrungen. Teilweise ist hierbei die Standfl\u00e4che im Boden versenkt \u2013 also etwas niedriger als der Boden des Badezimmers. Auch so k\u00f6nnen Sie sich noch ein bisschen mehr Platz schaffen.<\/p>\n<p>Hier gelangen Sie direkt zu den passenden Produkten im Shop:<\/p>\n<ul class=\"wp-block-list\">\n<li><a href=\"https:\/\/www.duschenprofis.de\/bodengleiche-duschen\/duschkabinen.html\" data-bcup-haslogintext=\"no\">Bodengleiche Duschkabinen<\/a><\/li>\n<li><a href=\"https:\/\/www.duschenprofis.de\/bodengleiche-duschen\/duschelemente-mineralguss.html\" data-bcup-haslogintext=\"no\">Bodengleiche Duschboards<\/a><\/li>\n<li><a href=\"https:\/\/www.duschenprofis.de\/bodengleiche-duschen\/duschelemente-befliesbar.html\" data-bcup-haslogintext=\"no\">Befliesbare Duschelemente<\/a><\/li>\n<\/ul>\n<div id=\"attachment_502\" style=\"width: 1162px\" class=\"wp-caption aligncenter\"><img loading=\"lazy\" decoding=\"async\" aria-describedby=\"caption-attachment-502\" class=\"size-full wp-image-502\" src=\"https:\/\/www.duschenprofis.de\/magazin\/wp-content\/uploads\/2015\/12\/Bodengleiche-Dusche-klarglas_zstockphotos-Medium.jpg\" alt=\"Eine bodengleiche Dusche mit Klarglas und durchg\u00e4ngig gefliestem Boden l\u00e4sst das Badezimmer ger\u00e4umiger wirken.\" width=\"1152\" height=\"768\" srcset=\"https:\/\/www.duschenprofis.de\/magazin\/wp-content\/uploads\/2015\/12\/Bodengleiche-Dusche-klarglas_zstockphotos-Medium.jpg 1152w, https:\/\/www.duschenprofis.de\/magazin\/wp-content\/uploads\/2015\/12\/Bodengleiche-Dusche-klarglas_zstockphotos-Medium-300x200.jpg 300w, https:\/\/www.duschenprofis.de\/magazin\/wp-content\/uploads\/2015\/12\/Bodengleiche-Dusche-klarglas_zstockphotos-Medium-1030x687.jpg 1030w, https:\/\/www.duschenprofis.de\/magazin\/wp-content\/uploads\/2015\/12\/Bodengleiche-Dusche-klarglas_zstockphotos-Medium-768x512.jpg 768w, https:\/\/www.duschenprofis.de\/magazin\/wp-content\/uploads\/2015\/12\/Bodengleiche-Dusche-klarglas_zstockphotos-Medium-705x470.jpg 705w\" sizes=\"auto, (max-width: 1152px) 100vw, 1152px\" \/><p id=\"caption-attachment-502\" class=\"wp-caption-text\">Eine bodengleiche Dusche mit Klarglas und durchg\u00e4ngig gefliestem Boden l\u00e4sst das Badezimmer ger\u00e4umiger wirken.<\/p><\/div>\n<h2>Problemfall 5: Platzraubende Badewanne<\/h2>\n<p>Sie haben ein kleines Badezimmer und darin auch noch eine platzraubende Badewanne? Sie haben keine Lust und Zeit, jeden Tag ein ausgiebiges Bad zu nehmen und m\u00f6chten noch eine Dusche? Gar kein Problem. Selbst wenn Sie die Badewanne nicht aus dem kleinen Badezimmer verbannen k\u00f6nnen oder wollen, m\u00fcssen Sie nicht auf eine Dusche verzichten.<\/p>\n<h3>Die L\u00f6sung<\/h3>\n<p>Sie k\u00f6nnen entweder einen <a href=\"https:\/\/www.duschenprofis.de\/duschkabinen\/badewannenaufsaetze.html\"><strong>Badewannenaufsatz<\/strong><\/a> f\u00fcr die Badewanne w\u00e4hlen. Damit haben Sie eine Duschm\u00f6glichkeit, ohne dass Sie daf\u00fcr zus\u00e4tzlichen Platz in Ihrem Badezimmer ben\u00f6tigen. Der Badewannenaufsatz wird einfach zur Wand geklappt, wenn er nicht zum Duschen ben\u00f6tigt wird.Es gibt solche Badewannenabtrennungen mit einem oder zwei Fl\u00fcgeln aus Glas.<\/p>\n<p>Falls Sie noch ein paar Zentimeter entbehren k\u00f6nnen, bieten wir alternativ auch Duschl\u00f6sungen an, die als <strong>Duschkabine neben der Badewanne<\/strong> montiert werden, um den vorhanden Platz optimal auszunutzen. Wenn die Duschkabine direkt an die Badewanne anschlie\u00dft, geht kein Zentimeter Platz verloren. Durch das transparente Glas wirkt das Ensemble nicht aneinander gequetscht, sondern leicht und luftig. Die Seitenwand der <a href=\"https:\/\/www.duschenprofis.de\/duschkabinen\/neben-badewanne.html\">Duschkabine neben Badewanne<\/a> ist in der H\u00f6he verk\u00fcrzt und passt zum individuellen H\u00f6henunterschied zwischen Badewanne und Dusche. Mit dem praktischen Handtuchhalter haben Sie auf der Badewannenseite Ihr Handtuch immer griffbereit.<\/p>\n<p>Hier gelangen Sie direkt zu den passenden Produkten im Shop:<\/p>\n<ul class=\"wp-block-list\">\n<li><a href=\"https:\/\/www.duschenprofis.de\/duschabtrennungen\/badewannenaufsaetze.html\" data-bcup-haslogintext=\"no\">Badewannenaufs\u00e4tze<\/a><\/li>\n<li><a href=\"https:\/\/www.duschenprofis.de\/duschabtrennungen\/neben-badewanne.html\" data-bcup-haslogintext=\"no\">Duschen neben Badewannen<\/a><\/li>\n<\/ul>\n<div id=\"attachment_503\" style=\"width: 1707px\" class=\"wp-caption aligncenter\"><img loading=\"lazy\" decoding=\"async\" aria-describedby=\"caption-attachment-503\" class=\"size-full wp-image-503\" src=\"https:\/\/www.duschenprofis.de\/magazin\/wp-content\/uploads\/2015\/12\/Dusche-Badewanne-klarglas-dachschraege_Ventura69.jpg\" alt=\"Mit unseren b\u00fcndig an die Badewanne anschlie\u00dfenden Duschen k\u00f6nnen Sie einige Zentimeter Platz sparen \u2013 in einem kleinen Badezimmer kann das viel ausmachen.\" width=\"1697\" height=\"1131\" srcset=\"https:\/\/www.duschenprofis.de\/magazin\/wp-content\/uploads\/2015\/12\/Dusche-Badewanne-klarglas-dachschraege_Ventura69.jpg 1697w, https:\/\/www.duschenprofis.de\/magazin\/wp-content\/uploads\/2015\/12\/Dusche-Badewanne-klarglas-dachschraege_Ventura69-300x200.jpg 300w, https:\/\/www.duschenprofis.de\/magazin\/wp-content\/uploads\/2015\/12\/Dusche-Badewanne-klarglas-dachschraege_Ventura69-1030x686.jpg 1030w, https:\/\/www.duschenprofis.de\/magazin\/wp-content\/uploads\/2015\/12\/Dusche-Badewanne-klarglas-dachschraege_Ventura69-768x512.jpg 768w, https:\/\/www.duschenprofis.de\/magazin\/wp-content\/uploads\/2015\/12\/Dusche-Badewanne-klarglas-dachschraege_Ventura69-1536x1024.jpg 1536w, https:\/\/www.duschenprofis.de\/magazin\/wp-content\/uploads\/2015\/12\/Dusche-Badewanne-klarglas-dachschraege_Ventura69-1500x1000.jpg 1500w, https:\/\/www.duschenprofis.de\/magazin\/wp-content\/uploads\/2015\/12\/Dusche-Badewanne-klarglas-dachschraege_Ventura69-705x470.jpg 705w\" sizes=\"auto, (max-width: 1697px) 100vw, 1697px\" \/><p id=\"caption-attachment-503\" class=\"wp-caption-text\">Mit unseren b\u00fcndig an die Badewanne anschlie\u00dfenden Duschen k\u00f6nnen Sie einige Zentimeter Platz sparen \u2013 in einem kleinen Badezimmer kann das viel ausmachen.<\/p><\/div>\n<p>Haben wir etwas vergessen? Hat Ihr Badezimmer noch weitere \u201eEcken und Kanten\u201c, die bei der Planung Ihrer Dusche beachtet werden sollen? Mit unserem <a href=\"https:\/\/www.duschenprofis.de\/duschkabinen-konfigurator.html\" data-bcup-haslogintext=\"no\">Duschen-Konfigurator<\/a> k\u00f6nnen Sie sich Ihre individuelle Dusche zusammenstellen. Wenn Sie Fragen haben, k\u00f6nnen Sie auch gerne unsere <a href=\"https:\/\/www.duschenprofis.de\/anfrage.php\" data-bcup-haslogintext=\"no\">Telefonberatung<\/a> oder unseren Live-Chat nutzen. (Den Live-Chat finden Sie auf allen Shop-Seiten links unten).<\/p>\n<p>Schauen Sie gerne bald wieder in unserem Magazin vorbei! Demn\u00e4chst erwarten Sie hier die neuesten Bad-Trends und Tipps f\u00fcr das richtige Vorgehen bei der Badsanierung.<\/p>\n<p><small><strong>Bilder: <\/strong>Bild 1+2: iStock\/ KatarzynaBialasiewicz; Bild 3: Duschenprofis.de; Bild 4: iStock\/ KatarzynaBialasiewicz; Bild 5: Duschenprofis.de; <small>Bild 6: Duschenprofis.de; <\/small>Bild 7: iStock\/ zstockphotos; Bild 8: Duschenprofis.de, Bild 9: iStock\/ Ventura 69.<\/small><\/p>\n<\/div><\/section>\n","protected":false},"excerpt":{"rendered":"<p>Damit Sie bei einem kleinen Badezimmer keine Abstriche bei der Ausstattung machen m\u00fcssen, zeigen wir Ihnen die passenden Dusch-L\u00f6sungen, die sich am besten f\u00fcr die g\u00e4ngigen Probleme von kleinen B\u00e4dern eigenen. <\/p>\n","protected":false},"author":2,"featured_media":540,"comment_status":"open","ping_status":"closed","sticky":false,"template":"","format":"standard","meta":{"footnotes":""},"categories":[3],"tags":[14,20],"class_list":["post-498","post","type-post","status-publish","format-standard","has-post-thumbnail","hentry","category-heimwerken","tag-badkonzept","tag-kleines-bad"],"yoast_head":"<!-- This site is optimized with the Yoast SEO plugin v27.4 - https:\/\/yoast.com\/product\/yoast-seo-wordpress\/ -->\n<title>Kleines Bad? Dachschr\u00e4gen? Diese Duschen l\u00f6sen 5 Platz-Probleme<\/title>\n<meta name=\"description\" content=\"Ob eine ebenerdige Dusche, Eckdusche, oder die passende Dusche f\u00fcr eine Dachschr\u00e4ge: Platzsparende L\u00f6sungen f\u00fcr Ihr kleines Bad!\" \/>\n<meta name=\"robots\" content=\"index, follow, max-snippet:-1, max-image-preview:large, max-video-preview:-1\" \/>\n<link rel=\"canonical\" href=\"https:\/\/www.duschenprofis.de\/magazin\/5-probleme-kleiner-baeder\/\" \/>\n<meta property=\"og:locale\" content=\"de_DE\" \/>\n<meta property=\"og:type\" content=\"article\" \/>\n<meta property=\"og:title\" content=\"Kleines Bad? Dachschr\u00e4gen? Diese Duschen l\u00f6sen 5 Platz-Probleme\" \/>\n<meta property=\"og:description\" content=\"Ob eine ebenerdige Dusche, Eckdusche, oder die passende Dusche f\u00fcr eine Dachschr\u00e4ge: Platzsparende L\u00f6sungen f\u00fcr Ihr kleines Bad!\" \/>\n<meta property=\"og:url\" content=\"https:\/\/www.duschenprofis.de\/magazin\/5-probleme-kleiner-baeder\/\" \/>\n<meta property=\"og:site_name\" content=\"Duschenprofis\" \/>\n<meta property=\"article:publisher\" content=\"https:\/\/www.facebook.com\/duschenprofis\/\" \/>\n<meta property=\"article:published_time\" content=\"2015-12-04T08:35:53+00:00\" \/>\n<meta property=\"article:modified_time\" content=\"2025-10-16T11:47:08+00:00\" \/>\n<meta property=\"og:image\" content=\"https:\/\/www.duschenprofis.de\/magazin\/wp-content\/uploads\/2015\/12\/Dusche-Badewanne-klarglas-dachschraege_Ventura691.jpg\" \/>\n\t<meta property=\"og:image:width\" content=\"1697\" \/>\n\t<meta property=\"og:image:height\" content=\"1131\" \/>\n\t<meta property=\"og:image:type\" content=\"image\/jpeg\" \/>\n<meta name=\"author\" content=\"Duschenprofis\" \/>\n<meta name=\"twitter:card\" content=\"summary_large_image\" \/>\n<meta name=\"twitter:label1\" content=\"Verfasst von\" \/>\n\t<meta name=\"twitter:data1\" content=\"Duschenprofis\" \/>\n\t<meta name=\"twitter:label2\" content=\"Gesch\u00e4tzte Lesezeit\" \/>\n\t<meta name=\"twitter:data2\" content=\"11\u00a0Minuten\" \/>\n<script type=\"application\/ld+json\" class=\"yoast-schema-graph\">{\"@context\":\"https:\\\/\\\/schema.org\",\"@graph\":[{\"@type\":\"Article\",\"@id\":\"https:\\\/\\\/www.duschenprofis.de\\\/magazin\\\/5-probleme-kleiner-baeder\\\/#article\",\"isPartOf\":{\"@id\":\"https:\\\/\\\/www.duschenprofis.de\\\/magazin\\\/5-probleme-kleiner-baeder\\\/\"},\"author\":{\"name\":\"Duschenprofis\",\"@id\":\"https:\\\/\\\/www.duschenprofis.de\\\/magazin\\\/#\\\/schema\\\/person\\\/5e10dfd59a799b37675a368453bf2ae8\"},\"headline\":\"5 Duschen-Probleme kleiner B\u00e4der und die passenden L\u00f6sungen\",\"datePublished\":\"2015-12-04T08:35:53+00:00\",\"dateModified\":\"2025-10-16T11:47:08+00:00\",\"mainEntityOfPage\":{\"@id\":\"https:\\\/\\\/www.duschenprofis.de\\\/magazin\\\/5-probleme-kleiner-baeder\\\/\"},\"wordCount\":1832,\"commentCount\":3,\"image\":{\"@id\":\"https:\\\/\\\/www.duschenprofis.de\\\/magazin\\\/5-probleme-kleiner-baeder\\\/#primaryimage\"},\"thumbnailUrl\":\"https:\\\/\\\/www.duschenprofis.de\\\/magazin\\\/wp-content\\\/uploads\\\/2015\\\/12\\\/Dusche-Badewanne-klarglas-dachschraege_Ventura691.jpg\",\"keywords\":[\"Badkonzept\",\"Kleines Bad\"],\"articleSection\":[\"Heimwerken\"],\"inLanguage\":\"de\",\"potentialAction\":[{\"@type\":\"CommentAction\",\"name\":\"Comment\",\"target\":[\"https:\\\/\\\/www.duschenprofis.de\\\/magazin\\\/5-probleme-kleiner-baeder\\\/#respond\"]}]},{\"@type\":\"WebPage\",\"@id\":\"https:\\\/\\\/www.duschenprofis.de\\\/magazin\\\/5-probleme-kleiner-baeder\\\/\",\"url\":\"https:\\\/\\\/www.duschenprofis.de\\\/magazin\\\/5-probleme-kleiner-baeder\\\/\",\"name\":\"Kleines Bad? Dachschr\u00e4gen? Diese Duschen l\u00f6sen 5 Platz-Probleme\",\"isPartOf\":{\"@id\":\"https:\\\/\\\/www.duschenprofis.de\\\/magazin\\\/#website\"},\"primaryImageOfPage\":{\"@id\":\"https:\\\/\\\/www.duschenprofis.de\\\/magazin\\\/5-probleme-kleiner-baeder\\\/#primaryimage\"},\"image\":{\"@id\":\"https:\\\/\\\/www.duschenprofis.de\\\/magazin\\\/5-probleme-kleiner-baeder\\\/#primaryimage\"},\"thumbnailUrl\":\"https:\\\/\\\/www.duschenprofis.de\\\/magazin\\\/wp-content\\\/uploads\\\/2015\\\/12\\\/Dusche-Badewanne-klarglas-dachschraege_Ventura691.jpg\",\"datePublished\":\"2015-12-04T08:35:53+00:00\",\"dateModified\":\"2025-10-16T11:47:08+00:00\",\"author\":{\"@id\":\"https:\\\/\\\/www.duschenprofis.de\\\/magazin\\\/#\\\/schema\\\/person\\\/5e10dfd59a799b37675a368453bf2ae8\"},\"description\":\"Ob eine ebenerdige Dusche, Eckdusche, oder die passende Dusche f\u00fcr eine Dachschr\u00e4ge: Platzsparende L\u00f6sungen f\u00fcr Ihr kleines Bad!\",\"breadcrumb\":{\"@id\":\"https:\\\/\\\/www.duschenprofis.de\\\/magazin\\\/5-probleme-kleiner-baeder\\\/#breadcrumb\"},\"inLanguage\":\"de\",\"potentialAction\":[{\"@type\":\"ReadAction\",\"target\":[\"https:\\\/\\\/www.duschenprofis.de\\\/magazin\\\/5-probleme-kleiner-baeder\\\/\"]}]},{\"@type\":\"ImageObject\",\"inLanguage\":\"de\",\"@id\":\"https:\\\/\\\/www.duschenprofis.de\\\/magazin\\\/5-probleme-kleiner-baeder\\\/#primaryimage\",\"url\":\"https:\\\/\\\/www.duschenprofis.de\\\/magazin\\\/wp-content\\\/uploads\\\/2015\\\/12\\\/Dusche-Badewanne-klarglas-dachschraege_Ventura691.jpg\",\"contentUrl\":\"https:\\\/\\\/www.duschenprofis.de\\\/magazin\\\/wp-content\\\/uploads\\\/2015\\\/12\\\/Dusche-Badewanne-klarglas-dachschraege_Ventura691.jpg\",\"width\":1697,\"height\":1131,\"caption\":\"modernes Bad mit blauem Boden\"},{\"@type\":\"BreadcrumbList\",\"@id\":\"https:\\\/\\\/www.duschenprofis.de\\\/magazin\\\/5-probleme-kleiner-baeder\\\/#breadcrumb\",\"itemListElement\":[{\"@type\":\"ListItem\",\"position\":1,\"name\":\"Startseite\",\"item\":\"https:\\\/\\\/www.duschenprofis.de\\\/magazin\\\/\"},{\"@type\":\"ListItem\",\"position\":2,\"name\":\"5 Duschen-Probleme kleiner B\u00e4der und die passenden L\u00f6sungen\"}]},{\"@type\":\"WebSite\",\"@id\":\"https:\\\/\\\/www.duschenprofis.de\\\/magazin\\\/#website\",\"url\":\"https:\\\/\\\/www.duschenprofis.de\\\/magazin\\\/\",\"name\":\"Duschenprofis\",\"description\":\"Neues von den Duschenprofis: Tipps und Tricks rund ums Bad, DiY und Ratgeber zur Badplanung.\",\"potentialAction\":[{\"@type\":\"SearchAction\",\"target\":{\"@type\":\"EntryPoint\",\"urlTemplate\":\"https:\\\/\\\/www.duschenprofis.de\\\/magazin\\\/?s={search_term_string}\"},\"query-input\":{\"@type\":\"PropertyValueSpecification\",\"valueRequired\":true,\"valueName\":\"search_term_string\"}}],\"inLanguage\":\"de\"},{\"@type\":\"Person\",\"@id\":\"https:\\\/\\\/www.duschenprofis.de\\\/magazin\\\/#\\\/schema\\\/person\\\/5e10dfd59a799b37675a368453bf2ae8\",\"name\":\"Duschenprofis\"}]}<\/script>\n<!-- \/ Yoast SEO plugin. -->","yoast_head_json":{"title":"Kleines Bad? Dachschr\u00e4gen? Diese Duschen l\u00f6sen 5 Platz-Probleme","description":"Ob eine ebenerdige Dusche, Eckdusche, oder die passende Dusche f\u00fcr eine Dachschr\u00e4ge: Platzsparende L\u00f6sungen f\u00fcr Ihr kleines Bad!","robots":{"index":"index","follow":"follow","max-snippet":"max-snippet:-1","max-image-preview":"max-image-preview:large","max-video-preview":"max-video-preview:-1"},"canonical":"https:\/\/www.duschenprofis.de\/magazin\/5-probleme-kleiner-baeder\/","og_locale":"de_DE","og_type":"article","og_title":"Kleines Bad? Dachschr\u00e4gen? Diese Duschen l\u00f6sen 5 Platz-Probleme","og_description":"Ob eine ebenerdige Dusche, Eckdusche, oder die passende Dusche f\u00fcr eine Dachschr\u00e4ge: Platzsparende L\u00f6sungen f\u00fcr Ihr kleines Bad!","og_url":"https:\/\/www.duschenprofis.de\/magazin\/5-probleme-kleiner-baeder\/","og_site_name":"Duschenprofis","article_publisher":"https:\/\/www.facebook.com\/duschenprofis\/","article_published_time":"2015-12-04T08:35:53+00:00","article_modified_time":"2025-10-16T11:47:08+00:00","og_image":[{"width":1697,"height":1131,"url":"https:\/\/www.duschenprofis.de\/magazin\/wp-content\/uploads\/2015\/12\/Dusche-Badewanne-klarglas-dachschraege_Ventura691.jpg","type":"image\/jpeg"}],"author":"Duschenprofis","twitter_card":"summary_large_image","twitter_misc":{"Verfasst von":"Duschenprofis","Gesch\u00e4tzte Lesezeit":"11\u00a0Minuten"},"schema":{"@context":"https:\/\/schema.org","@graph":[{"@type":"Article","@id":"https:\/\/www.duschenprofis.de\/magazin\/5-probleme-kleiner-baeder\/#article","isPartOf":{"@id":"https:\/\/www.duschenprofis.de\/magazin\/5-probleme-kleiner-baeder\/"},"author":{"name":"Duschenprofis","@id":"https:\/\/www.duschenprofis.de\/magazin\/#\/schema\/person\/5e10dfd59a799b37675a368453bf2ae8"},"headline":"5 Duschen-Probleme kleiner B\u00e4der und die passenden L\u00f6sungen","datePublished":"2015-12-04T08:35:53+00:00","dateModified":"2025-10-16T11:47:08+00:00","mainEntityOfPage":{"@id":"https:\/\/www.duschenprofis.de\/magazin\/5-probleme-kleiner-baeder\/"},"wordCount":1832,"commentCount":3,"image":{"@id":"https:\/\/www.duschenprofis.de\/magazin\/5-probleme-kleiner-baeder\/#primaryimage"},"thumbnailUrl":"https:\/\/www.duschenprofis.de\/magazin\/wp-content\/uploads\/2015\/12\/Dusche-Badewanne-klarglas-dachschraege_Ventura691.jpg","keywords":["Badkonzept","Kleines Bad"],"articleSection":["Heimwerken"],"inLanguage":"de","potentialAction":[{"@type":"CommentAction","name":"Comment","target":["https:\/\/www.duschenprofis.de\/magazin\/5-probleme-kleiner-baeder\/#respond"]}]},{"@type":"WebPage","@id":"https:\/\/www.duschenprofis.de\/magazin\/5-probleme-kleiner-baeder\/","url":"https:\/\/www.duschenprofis.de\/magazin\/5-probleme-kleiner-baeder\/","name":"Kleines Bad? Dachschr\u00e4gen? Diese Duschen l\u00f6sen 5 Platz-Probleme","isPartOf":{"@id":"https:\/\/www.duschenprofis.de\/magazin\/#website"},"primaryImageOfPage":{"@id":"https:\/\/www.duschenprofis.de\/magazin\/5-probleme-kleiner-baeder\/#primaryimage"},"image":{"@id":"https:\/\/www.duschenprofis.de\/magazin\/5-probleme-kleiner-baeder\/#primaryimage"},"thumbnailUrl":"https:\/\/www.duschenprofis.de\/magazin\/wp-content\/uploads\/2015\/12\/Dusche-Badewanne-klarglas-dachschraege_Ventura691.jpg","datePublished":"2015-12-04T08:35:53+00:00","dateModified":"2025-10-16T11:47:08+00:00","author":{"@id":"https:\/\/www.duschenprofis.de\/magazin\/#\/schema\/person\/5e10dfd59a799b37675a368453bf2ae8"},"description":"Ob eine ebenerdige Dusche, Eckdusche, oder die passende Dusche f\u00fcr eine Dachschr\u00e4ge: Platzsparende L\u00f6sungen f\u00fcr Ihr kleines Bad!","breadcrumb":{"@id":"https:\/\/www.duschenprofis.de\/magazin\/5-probleme-kleiner-baeder\/#breadcrumb"},"inLanguage":"de","potentialAction":[{"@type":"ReadAction","target":["https:\/\/www.duschenprofis.de\/magazin\/5-probleme-kleiner-baeder\/"]}]},{"@type":"ImageObject","inLanguage":"de","@id":"https:\/\/www.duschenprofis.de\/magazin\/5-probleme-kleiner-baeder\/#primaryimage","url":"https:\/\/www.duschenprofis.de\/magazin\/wp-content\/uploads\/2015\/12\/Dusche-Badewanne-klarglas-dachschraege_Ventura691.jpg","contentUrl":"https:\/\/www.duschenprofis.de\/magazin\/wp-content\/uploads\/2015\/12\/Dusche-Badewanne-klarglas-dachschraege_Ventura691.jpg","width":1697,"height":1131,"caption":"modernes Bad mit blauem Boden"},{"@type":"BreadcrumbList","@id":"https:\/\/www.duschenprofis.de\/magazin\/5-probleme-kleiner-baeder\/#breadcrumb","itemListElement":[{"@type":"ListItem","position":1,"name":"Startseite","item":"https:\/\/www.duschenprofis.de\/magazin\/"},{"@type":"ListItem","position":2,"name":"5 Duschen-Probleme kleiner B\u00e4der und die passenden L\u00f6sungen"}]},{"@type":"WebSite","@id":"https:\/\/www.duschenprofis.de\/magazin\/#website","url":"https:\/\/www.duschenprofis.de\/magazin\/","name":"Duschenprofis","description":"Neues von den Duschenprofis: Tipps und Tricks rund ums Bad, DiY und Ratgeber zur Badplanung.","potentialAction":[{"@type":"SearchAction","target":{"@type":"EntryPoint","urlTemplate":"https:\/\/www.duschenprofis.de\/magazin\/?s={search_term_string}"},"query-input":{"@type":"PropertyValueSpecification","valueRequired":true,"valueName":"search_term_string"}}],"inLanguage":"de"},{"@type":"Person","@id":"https:\/\/www.duschenprofis.de\/magazin\/#\/schema\/person\/5e10dfd59a799b37675a368453bf2ae8","name":"Duschenprofis"}]}},"lang":"de","translations":{"de":498,"de-at":7724},"pll_sync_post":{"de":true},"_links":{"self":[{"href":"https:\/\/www.duschenprofis.de\/magazin\/wp-json\/wp\/v2\/posts\/498","targetHints":{"allow":["GET"]}}],"collection":[{"href":"https:\/\/www.duschenprofis.de\/magazin\/wp-json\/wp\/v2\/posts"}],"about":[{"href":"https:\/\/www.duschenprofis.de\/magazin\/wp-json\/wp\/v2\/types\/post"}],"author":[{"embeddable":true,"href":"https:\/\/www.duschenprofis.de\/magazin\/wp-json\/wp\/v2\/users\/2"}],"replies":[{"embeddable":true,"href":"https:\/\/www.duschenprofis.de\/magazin\/wp-json\/wp\/v2\/comments?post=498"}],"version-history":[{"count":7,"href":"https:\/\/www.duschenprofis.de\/magazin\/wp-json\/wp\/v2\/posts\/498\/revisions"}],"predecessor-version":[{"id":8010,"href":"https:\/\/www.duschenprofis.de\/magazin\/wp-json\/wp\/v2\/posts\/498\/revisions\/8010"}],"wp:featuredmedia":[{"embeddable":true,"href":"https:\/\/www.duschenprofis.de\/magazin\/wp-json\/wp\/v2\/media\/540"}],"wp:attachment":[{"href":"https:\/\/www.duschenprofis.de\/magazin\/wp-json\/wp\/v2\/media?parent=498"}],"wp:term":[{"taxonomy":"category","embeddable":true,"href":"https:\/\/www.duschenprofis.de\/magazin\/wp-json\/wp\/v2\/categories?post=498"},{"taxonomy":"post_tag","embeddable":true,"href":"https:\/\/www.duschenprofis.de\/magazin\/wp-json\/wp\/v2\/tags?post=498"}],"curies":[{"name":"wp","href":"https:\/\/api.w.org\/{rel}","templated":true}]}}