{"id":2426,"date":"2018-03-16T13:15:17","date_gmt":"2018-03-16T11:15:17","guid":{"rendered":"https:\/\/www.duschenprofis.de\/magazin\/?p=2426"},"modified":"2025-10-20T17:49:36","modified_gmt":"2025-10-20T15:49:36","slug":"voll-hygge-jennys-modernes-und-gemuetliches-badezimmer","status":"publish","type":"post","link":"https:\/\/www.duschenprofis.de\/magazin\/voll-hygge-jennys-modernes-und-gemuetliches-badezimmer\/","title":{"rendered":"Voll \u201ehygge\u201c! Jennys modernes und gem\u00fctliches Badezimmer"},"content":{"rendered":"<section  class='av_textblock_section av-me9rk5zo-8575afaee44ba84bb84f5d82d9094475 '   itemscope=\"itemscope\" itemtype=\"https:\/\/schema.org\/BlogPosting\" itemprop=\"blogPost\" ><div class='avia_textblock'  itemprop=\"text\" ><p><img loading=\"lazy\" decoding=\"async\" class=\"alignnone size-full wp-image-2427 aligncenter\" src=\"https:\/\/www.duschenprofis.de\/magazin\/wp-content\/uploads\/2018\/03\/Schaumbad.jpg\" alt=\"Jennys gem\u00fctliches Badezimmer\" width=\"600\" height=\"450\" srcset=\"https:\/\/www.duschenprofis.de\/magazin\/wp-content\/uploads\/2018\/03\/Schaumbad.jpg 600w, https:\/\/www.duschenprofis.de\/magazin\/wp-content\/uploads\/2018\/03\/Schaumbad-300x225.jpg 300w\" sizes=\"auto, (max-width: 600px) 100vw, 600px\" \/><\/p>\n<p><strong>Wohnbloggerin Jenny hat ihr Bad durch viele Holzelemente und gezielt gesetzte Details im skandinavischen \u201eHygge\u201c-Stil in ein modernes, gem\u00fctliches Badezimmer mit Wohlf\u00fchlambiente verwandelt, das gleichzeitig funktional ist. Lassen Sie sich von ihren praktischen und sch\u00f6nen Ideen inspirieren und lernen Sie Jennys beste Tricks kennen, mit denen Sie auch Ihr eigenes Badezimmer im Handumdrehen wohnlicher und individueller gestalten k\u00f6nnen.<\/strong><\/p>\n<h2>Ohne Schnickschnack: Urig skandinavische Gem\u00fctlichkeit<\/h2>\n<p>Vor knapp zwei Jahren hat Jenny ihr Badezimmer komplett renoviert. Besonders froh ist sie heute, dass sie sich damals f\u00fcr die sch\u00f6nen Holzfliesen entschieden hat, die ihrem Bad ganz von alleine viel W\u00e4rme und Gem\u00fctlichkeit einhauchen. \u201e<em>Mein Bad ist ein ganz gem\u00fctlicher und trotzdem klarer und aufger\u00e4umter Ort zum Entspannen<\/em>\u201c, findet die Wohnbloggerin vom Blog <a href=\"http:\/\/www.weltenbunt.de\/\">Weltenbunt<\/a>.<\/p>\n<p>\u00dcber die letzten Jahre hat sie ihren ganz eigenen Stil gefunden: \u201e<em>Neumodisch, so richtig \u201ahygge\u2018<\/em>\u201c, beschreibt Jenny ihr Badezimmer selbst. Und in der Tat \u2013 der Begriff f\u00fcr das d\u00e4nische Lebensmotto der Herzlichkeit und Gem\u00fctlichkeit trifft den Wohnstil in ihrem Badezimmer auf den Punkt. Holzfliesen, Holzdetails, wenig Farbe, daf\u00fcr gezielt gesetzte Akzente in schwarz und wei\u00df sowie dekorative gr\u00fcne Pflanzendetails und einzelne Deko-Elemente geben dem Raum seinen skandinavischen Charme.<\/p>\n<div id=\"attachment_2428\" style=\"width: 610px\" class=\"wp-caption aligncenter\"><img loading=\"lazy\" decoding=\"async\" aria-describedby=\"caption-attachment-2428\" class=\"size-full wp-image-2428\" src=\"https:\/\/www.duschenprofis.de\/magazin\/wp-content\/uploads\/2018\/03\/Bad-Holz-Details-Collage.png\" alt=\"Deko-Details in Jennys gem\u00fctlichen Bad\" width=\"600\" height=\"400\" srcset=\"https:\/\/www.duschenprofis.de\/magazin\/wp-content\/uploads\/2018\/03\/Bad-Holz-Details-Collage.png 600w, https:\/\/www.duschenprofis.de\/magazin\/wp-content\/uploads\/2018\/03\/Bad-Holz-Details-Collage-300x200.png 300w\" sizes=\"auto, (max-width: 600px) 100vw, 600px\" \/><p id=\"caption-attachment-2428\" class=\"wp-caption-text\">Kerzen, Pflanzen und Deko-Elemente aus Holz schaffen ein urig gem\u00fctliches skandinavisches Ambiente im Bad.<\/p><\/div>\n<p>Das skandinavische Design der funktionalen \u00c4sthetik ist eine der Leidenschaften der Familienmama, f\u00fcr die auch das Schwingen von Bohrer, Hammer und Wandfarbe zum Gl\u00fccklichsein dazugeh\u00f6rt. Deshalb bereitet das neue Bad ihr eine besonders gro\u00dfe Freude: \u201e<em>Seit wir uns vor knapp zwei Jahren an die Badrenovierung gewagt haben, freue ich mich wirklich jedes Mal dar\u00fcber, wenn ich diesen Raum betrete.\u201c<\/em><\/p>\n<p>Ein besonderes Highlight und Jennys pers\u00f6nlicher Entspannungsort ist ihre Eck-Badewanne: \u201e<em>Sie ist mit Fliesen in Holzoptik gefliest und sieht dadurch ein wenig aus wie ein alter Badebottich\u201c,<\/em> sagt die Bloggerin. Darin kann sie komplett vom Alltag abschalten: <em>\u201eDa das Dachfenster fast genau dar\u00fcber ist, kann man abends in die Sterne gucken und bei Kerzenschein richtig entspannen\u2026 einfach sch\u00f6n!<\/em>\u201c<\/p>\n<div id=\"attachment_2429\" style=\"width: 610px\" class=\"wp-caption aligncenter\"><img loading=\"lazy\" decoding=\"async\" aria-describedby=\"caption-attachment-2429\" class=\"size-full wp-image-2429\" src=\"https:\/\/www.duschenprofis.de\/magazin\/wp-content\/uploads\/2018\/03\/Collage-Jennys-Badezimmer.png\" alt=\"Bilder und Pflanzen als Deko im Badezimmer.\" width=\"600\" height=\"400\" srcset=\"https:\/\/www.duschenprofis.de\/magazin\/wp-content\/uploads\/2018\/03\/Collage-Jennys-Badezimmer.png 600w, https:\/\/www.duschenprofis.de\/magazin\/wp-content\/uploads\/2018\/03\/Collage-Jennys-Badezimmer-300x200.png 300w\" sizes=\"auto, (max-width: 600px) 100vw, 600px\" \/><p id=\"caption-attachment-2429\" class=\"wp-caption-text\">Das Badezimmer ist f\u00fcr Jenny ein gem\u00fctlicher Entspannungsort. Ihr Lieblingsplatz: die Badewanne mit Sternenhimmel-Ausblick.<\/p><\/div>\n<p>Bei der Einrichtung des kleinen Badezimmers haben Jenny und ihre Familie vor allem auf Funktionalit\u00e4t Wert gelegt. Anstatt viel Schnickschnack findet man bei ihr deshalb nur Elemente die praktisch, aber gleichzeitig sch\u00f6n sind.<\/p>\n<p>Dazu geh\u00f6ren auch eine offene Dusche und ein gro\u00dfes Waschbecken mit zwei Wasserh\u00e4hnen \u2013 und viel Stauraum. \u201e<em>Das ist megapraktisch und gerade mit kleinen Kindern toll!<\/em>\u201c, erkl\u00e4rt die Mutter von zwei kleinen Wirbelwinden. \u201e<em>Die Dusche ist offen gestaltet und bietet so viel Platz, dass wir sogar <\/em><a href=\"https:\/\/www.duschenprofis.de\/magazin\/baby-duschen\/\"><em>zu dritt duschen<\/em><\/a><em> und die Kids gleichzeitig mit dem Badespielzeug spielen k\u00f6nnen. Das spart Zeit und macht Spa\u00df!<\/em>\u201c Tolle Ideen f\u00fcr <a href=\"https:\/\/www.duschenprofis.de\/magazin\/badezimmerspiele-fuer-kinder\/\">Badezimmerspiele mit Kindern<\/a> finden Sie \u00fcbrigens auch in unserem Magazin.<\/p>\n<p>Praktisch und gleichzeitig schlicht und stylisch ist auch der Rest von Jennys Wohnung, aus der sie regelm\u00e4\u00dfig neue Inspirationen und Einrichtungsideen auf ihrem <a href=\"http:\/\/www.weltenbunt.de\/\">Weltenbunt Blog <\/a>\u00a0teilt. Damit hat sie angefangen, als sie auch ihr Haus nach und nach umgestaltet hat. \u201e<em>Als wir vor einigen Jahren in unser Haus gezogen sind, sah es hier noch ganz anders aus. Nichts passte recht zueinander und das fand ich einfach ungem\u00fctlich.<\/em>\u201c<\/p>\n<div id=\"attachment_2430\" style=\"width: 610px\" class=\"wp-caption aligncenter\"><img loading=\"lazy\" decoding=\"async\" aria-describedby=\"caption-attachment-2430\" class=\"size-full wp-image-2430\" src=\"https:\/\/www.duschenprofis.de\/magazin\/wp-content\/uploads\/2018\/03\/Eingangsbereich-Badezimmer.jpg\" alt=\"Jenny setzt nur einzelne schwarze Farbakzente im Bad\" width=\"600\" height=\"450\" srcset=\"https:\/\/www.duschenprofis.de\/magazin\/wp-content\/uploads\/2018\/03\/Eingangsbereich-Badezimmer.jpg 600w, https:\/\/www.duschenprofis.de\/magazin\/wp-content\/uploads\/2018\/03\/Eingangsbereich-Badezimmer-300x225.jpg 300w\" sizes=\"auto, (max-width: 600px) 100vw, 600px\" \/><p id=\"caption-attachment-2430\" class=\"wp-caption-text\">Eine wei\u00dfe Grundfarbe und schwarze Details gemischt mit viel warmen Holz sorgen f\u00fcr Klarheit und Ordnung im Bad.<\/p><\/div>\n<p>Das Umr\u00e4umen und Dekorieren macht ihr gro\u00dfen Spa\u00df. So konnte sie ihre kreative Ader, die sie auch im Beruf als Apothekentexterin pflegt, so richtig ausleben: \u201e<em>Als Werbetexterin bin ich sowieso ein recht kreativer Mensch und irgendwann fing ich eben an, die ersten Ecken im Haus gem\u00fctlicher und passender zu machen. So wurde St\u00fcck f\u00fcr St\u00fcck alles ver\u00e4ndert, aufgewertet oder ausgetauscht. Dass mein Stil jetzt so ist, wie er ist, hat sich tats\u00e4chlich einfach nach und nach ergeben.<\/em>\u201c<\/p>\n<h2>Das Bad gem\u00fctlich einrichten: Jennys Tipps &amp; Tricks<\/h2>\n<p>Dass ihr praktischer, moderner, aber auch gem\u00fctlicher und heimeliger Stil dem Scandi-Living-Stil entspricht, hat sie erst vor Kurzem herausgefunden. Ihr Tipp f\u00fcr Menschen, die den skandinavischen Stiltrend auch in ihre Wohnung einflie\u00dfen lassen wollen: \u201e<em>Ich achte darauf, dass alle <strong>Elemente gut zueinander passen<\/strong>.\u201c <\/em>Beim Einrichten gilt es deshalb, immer an das ganze Raumkonzept zu denken.<\/p>\n<p>Das Gleiche l\u00e4sst sich f\u00fcr die Farbauswahl anwenden, findet Wohnbloggerin Jenny: <em>\u00a0Mit ist auch die <strong>Farbbalance <\/strong>in einem Raum sehr wichtig. Das gilt vor allem f\u00fcr\u2018s Bad. Hier sind die Leitfarben der Holzton und wei\u00df. <strong>Schwarze Akzente<\/strong> setze ich nur <strong>mit Bilderrahmen<\/strong> und <strong>kleinen Dekodetails<\/strong> wie einer Kerzenschale. Das beruhigt mich irgendwie.<\/em>\u201c<\/p>\n<div id=\"attachment_2431\" style=\"width: 610px\" class=\"wp-caption aligncenter\"><img loading=\"lazy\" decoding=\"async\" aria-describedby=\"caption-attachment-2431\" class=\"wp-image-2431 size-full\" src=\"https:\/\/www.duschenprofis.de\/magazin\/wp-content\/uploads\/2018\/03\/Collage-Holzelemente.png\" alt=\"accessoires aus holz im bad\" width=\"600\" height=\"400\" srcset=\"https:\/\/www.duschenprofis.de\/magazin\/wp-content\/uploads\/2018\/03\/Collage-Holzelemente.png 600w, https:\/\/www.duschenprofis.de\/magazin\/wp-content\/uploads\/2018\/03\/Collage-Holzelemente-300x200.png 300w\" sizes=\"auto, (max-width: 600px) 100vw, 600px\" \/><p id=\"caption-attachment-2431\" class=\"wp-caption-text\">Holzdetails in Jennys Bad Schlicht und sch\u00f6n: Die Leitfarben in Jennys Bad sind Holz und Wei\u00dft\u00f6ne.<\/p><\/div>\n<h3>Wohnlichkeit &amp; Pers\u00f6nlichkeit schaffen<\/h3>\n<p>Jenny empfiehlt bei der Badgestaltung zeitlose Elemente einzubinden, um f\u00fcr Wohnlichkeit und Gem\u00fctlichkeit zu sorgen: \u201e<em>Ich w\u00fcrde nicht auf kurzlebige Trends setzen, sondern auf einen Stil, der <strong>zeitlos<\/strong> ist. Wichtig ist, denke ich, die Erkenntnis, dass man B\u00e4der heute <strong>deutlich wohnlicher einrichtet<\/strong> als noch vor wenigen Jahren<\/em>.\u201c<\/p>\n<p>Deshalb sollte man insbesondere auf zwei Dinge achten: \u201e<em>Zwar sollte die Funktionalit\u00e4t nicht au\u00dfenvor gelassen werden, aber <strong>wohnliche Akzente wie Bilder oder Dekoration<\/strong> sind ebenso wichtig.\u201c<\/em><\/p>\n<p>Jennys Tipp f\u00fcr die Badfliesen: \u201e<em>Generell empfehle ich, <strong>nur die wirklich notwendigen Bereiche <a href=\"https:\/\/www.duschenprofis.de\/magazin\/fliesenfugen-reinigen\/\">zu fliesen <\/a><\/strong>und den Rest mit einem feuchtigkeitssaugenden Kalkputz zu gestalten. Das verleiht Wohnlichkeit.\u201c<\/em><\/p>\n<div id=\"attachment_2432\" style=\"width: 610px\" class=\"wp-caption aligncenter\"><img loading=\"lazy\" decoding=\"async\" aria-describedby=\"caption-attachment-2432\" class=\"size-full wp-image-2432\" src=\"https:\/\/www.duschenprofis.de\/magazin\/wp-content\/uploads\/2018\/03\/Grosse-Dusche.jpg\" alt=\"Jennys offene Dusche und Holzfliesen\" width=\"600\" height=\"450\" srcset=\"https:\/\/www.duschenprofis.de\/magazin\/wp-content\/uploads\/2018\/03\/Grosse-Dusche.jpg 600w, https:\/\/www.duschenprofis.de\/magazin\/wp-content\/uploads\/2018\/03\/Grosse-Dusche-300x225.jpg 300w\" sizes=\"auto, (max-width: 600px) 100vw, 600px\" \/><p id=\"caption-attachment-2432\" class=\"wp-caption-text\">Die Badfliesen in Holzoptik geben dem Badezimmer von Jenny ein besonderes Wohlf\u00fchlambiente.<\/p><\/div>\n<p>In Jennys Augen sollte man besonders darauf achten, Pers\u00f6nlichkeit im Wohnraum zu erzeugen: \u201e<em>Ich halte nicht so viel von Trends und kaufe eigentlich recht wenig neu. Wichtig ist mir, dass ein Haus <strong>Pers\u00f6nlichkeit widerspiegelt<\/strong> und dass es <strong>wirklich gem\u00fctlich<\/strong> ist<\/em>.\u201c<\/p>\n<p>Wie k\u00f6nnen Sie das in Ihrem eigenen Zuhause umsetzen? Mit vielen kleinen, liebevoll selbstgestalteten Elementen, so Jennys Tipp: \u201e<em>Pers\u00f6nlichkeit entsteht vor allem dadurch, dass ich <strong>vieles selbst mache<\/strong>. Unsere Vorhangstange im Wohnzimmer aus einem alten Ast, der Handtuchhalter im Bad, die Kinderk\u00fcche, selbstgemachte Prints oder Fotografien: das alles macht ein Haus pers\u00f6nlich.<\/em>\u201c<\/p>\n<h3>Wichtiges Element: die richtige Farbauswahl<\/h3>\n<p>Vor allem die Farbauswahl sieht Jenny als ein weiteres wichtiges Element bei der Badezimmer-Gestaltung an. Durch sie schafft man Ordnung und Freiraum: \u201e<em>Achten Sie auf eine <strong>aufger\u00e4umte und zueinander passende Farbpalette.<\/strong><\/em>\u201c<\/p>\n<p>Sie sind ein gro\u00dfer Farb-Fan? Dann hat die Werbetexterin diesen Tipp f\u00fcr Sie: \u201e<em>Wer unbedingt mit <strong>starken Farben<\/strong> arbeiten m\u00f6chte, der sollte sich besser <strong>bei den Accessoires ausleben.<\/strong><\/em>\u201c<\/p>\n<p>Denn es muss nicht immer kostspielig sein \u2013 schon kleine Ver\u00e4nderungen erzielen oft eine gro\u00dfe Wirkung \u2013 und lassen sich immer wieder anpassen: \u201e<em>Spielen Sie zum Beispiel mit farbigen<\/em> <em>Handt\u00fcchern, Bilderrahmen oder Blument\u00f6pfen \u2013 denn knallrote Handt\u00fccher sind schneller einmal ausgetauscht als eine knallrote Wand!<\/em>\u201c<\/p>\n<h3>Nicht vergessen: Funktionalit\u00e4t<\/h3>\n<p>Bei Jenny darf es gerne sch\u00f6n, es muss aber immer auch praktisch sein. Ihr pers\u00f6nliches Einrichtungs-Motto: <strong><em>\u2019Form follows function!<\/em><\/strong><em>\u2019 <\/em>Dabei bleibt sie auch konsequent<em>: \u201eSo sch\u00f6n manche Designerst\u00fccke auch sind: wenn sie pflegeintensiv oder nicht kindgerecht sind, dann wird das leider nichts bei uns.\u201c<\/em><\/p>\n<div id=\"attachment_2433\" style=\"width: 610px\" class=\"wp-caption aligncenter\"><img loading=\"lazy\" decoding=\"async\" aria-describedby=\"caption-attachment-2433\" class=\"size-full wp-image-2433\" src=\"https:\/\/www.duschenprofis.de\/magazin\/wp-content\/uploads\/2018\/03\/Bad-Detail-Aufhaenger.jpg\" alt=\"Jennys Waschbecken-Bereich\" width=\"600\" height=\"357\" srcset=\"https:\/\/www.duschenprofis.de\/magazin\/wp-content\/uploads\/2018\/03\/Bad-Detail-Aufhaenger.jpg 600w, https:\/\/www.duschenprofis.de\/magazin\/wp-content\/uploads\/2018\/03\/Bad-Detail-Aufhaenger-300x179.jpg 300w\" sizes=\"auto, (max-width: 600px) 100vw, 600px\" \/><p id=\"caption-attachment-2433\" class=\"wp-caption-text\">In Jennys Badezimmer kommen nur sch\u00f6ne Einrichtungselemente, die auch einen praktischen Nutzen haben.<\/p><\/div>\n<p>Wichtig ist vor allem auch ausreichend Stauraum, wei\u00df Jenny, denn der bietet gleich zwei tolle Vorteile: \u201e<em>Ganz wichtig: wer <strong>ausreichend Stauraum<\/strong> einplant, der kann alle Badartikel und Kosmetika praktisch verstauen. Dann wirkt das Bad direkt <strong>aufger\u00e4umt und leicht<\/strong>. Und vor allem: man hat <strong>deutlich weniger abzustauben.<\/strong><\/em>\u201c<\/p>\n<p>F\u00fcr weitere Tipps, wie Sie Ihr <a href=\"https:\/\/www.duschenprofis.de\/magazin\/bad-verschoenern\/\">Bad mit wenigen Handgriffen versch\u00f6nern<\/a> k\u00f6nnen, schauen Sie doch einmal in unserem Magazin vorbei.<\/p>\n<p><strong>Wir bedanken uns ganz herzlich bei Jenny f\u00fcr diese tollen Einblicke in ihr sch\u00f6nes, gem\u00fctliches Badezimmer und w\u00fcnschen ihr viele weitere entspannte Stunden darin.<\/strong><\/p>\n<div id=\"attachment_5521\" style=\"width: 489px\" class=\"wp-caption aligncenter\"><img loading=\"lazy\" decoding=\"async\" aria-describedby=\"caption-attachment-5521\" class=\"wp-image-5521 size-full\" src=\"https:\/\/www.duschenprofis.de\/magazin\/wp-content\/uploads\/2018\/03\/Jennifer_Ingmann_weltenbunt-k.png\" alt=\"jenny von weltenbunt\" width=\"479\" height=\"720\" srcset=\"https:\/\/www.duschenprofis.de\/magazin\/wp-content\/uploads\/2018\/03\/Jennifer_Ingmann_weltenbunt-k.png 479w, https:\/\/www.duschenprofis.de\/magazin\/wp-content\/uploads\/2018\/03\/Jennifer_Ingmann_weltenbunt-k-200x300.png 200w, https:\/\/www.duschenprofis.de\/magazin\/wp-content\/uploads\/2018\/03\/Jennifer_Ingmann_weltenbunt-k-469x705.png 469w\" sizes=\"auto, (max-width: 479px) 100vw, 479px\" \/><p id=\"caption-attachment-5521\" class=\"wp-caption-text\">Jenny von Weltenbunt<\/p><\/div>\n<p>Die Familienmama liebt Einrichtung, Deko, DIY und ihr Familienleben. Zu den gro\u00dfen Leidenschaften von Werbetexterin Jenny z\u00e4hlen au\u00dferdem der Boho-Stil und das skandinavische Design. Auf ihrem <a href=\"http:\/\/www.weltenbunt.de\/\">Blog Weltenbunt<\/a> teilt sie deshalb regelm\u00e4\u00dfig neue Inspirationen und Tipps rund um ihre Lieblingsbesch\u00e4ftigungen und erz\u00e4hlt aus ihrem Leben \u201eirgendwo zwischen Chaosclub und Alltagszauber.\u201c<\/p>\n<p>Einblicke in ihre gem\u00fctliche Wohnung ganz im modernen Scandi-Stil gibt es auch auf <a href=\"https:\/\/www.instagram.com\/weltenbunt\/\">Jennys Instagramprofil<\/a>. Schauen Sie dort unbedingt vorbei! Die stilvollen und stylischen Bilder geben Ihnen ganz bestimmt viele neue Inspirationen und Einrichtungsideen!<\/p>\n<p>Wenn Sie Ihr Badezimmer jetzt selbst aufh\u00fcbschen oder neu einrichten wollen oder Sie nach neuen Inspirationen rund um Bad und <a href=\"https:\/\/www.duschenprofis.de\/duschkabinen.html\">Duschkabine <\/a>suchen, werfen Sie doch einen weiteren Blick in <a href=\"https:\/\/www.duschenprofis.de\/magazin\/\">unser Magazin<\/a>: Neben Tipps f\u00fcr die richtige <a href=\"\/magazin\/badezimmer-wohlfuehloase\/\">Wohlf\u00fchlatmosph\u00e4re<\/a>, finden Sie dort unter anderem <a href=\"https:\/\/www.duschenprofis.de\/magazin\/gestalten\/\">tolle DIY-Ideen<\/a> f\u00fcr Ihr Bad.<\/p>\n<p><small>Bilder: \u00a9Jennifer Ingmann<\/small><\/p>\n<\/div><\/section>\n","protected":false},"excerpt":{"rendered":"<p>Lernen Sie Wohnbloggerin Jennys beste Tricks kennen, mit denen Sie auch Ihr eigenes Badezimmer im Handumdrehen &#8222;hygge&#8220;, wohnlicher und individueller gestalten k\u00f6nnen.<\/p>\n","protected":false},"author":2,"featured_media":2427,"comment_status":"open","ping_status":"closed","sticky":false,"template":"","format":"standard","meta":{"footnotes":""},"categories":[4],"tags":[12],"class_list":["post-2426","post","type-post","status-publish","format-standard","has-post-thumbnail","hentry","category-gestalten","tag-baddeko"],"yoast_head":"<!-- This site is optimized with the Yoast SEO plugin v27.5 - https:\/\/yoast.com\/product\/yoast-seo-wordpress\/ -->\n<title>Bad gem\u00fctlich einrichten: Jennys modernes Badezimmer<\/title>\n<meta name=\"description\" content=\"Lassen Sie sich von skandinavischer Einrichtung im Hygge-Stil inspirieren &amp; gestalten Sie Ihr Bad schlicht, funktional &amp; gem\u00fctlich!\" \/>\n<meta name=\"robots\" content=\"index, follow, max-snippet:-1, max-image-preview:large, max-video-preview:-1\" \/>\n<link rel=\"canonical\" href=\"https:\/\/www.duschenprofis.de\/magazin\/voll-hygge-jennys-modernes-und-gemuetliches-badezimmer\/\" \/>\n<meta property=\"og:locale\" content=\"de_DE\" \/>\n<meta property=\"og:type\" content=\"article\" \/>\n<meta property=\"og:title\" content=\"Bad gem\u00fctlich einrichten: Jennys modernes gem\u00fctliches Badezimmer\" \/>\n<meta property=\"og:description\" content=\"Wir entf\u00fchren Sie in Jennys gem\u00fctliches &amp; modernes Badezimmer. Lassen Sie sich von ihrer skandinavischen Einrichtung im Hygge-Stil inspirieren &amp; lernen Sie von ihr die besten Tricks, wie auch Sie Ihr Bad schlicht, funktional &amp; gem\u00fctlich einrichten k\u00f6nnen!\" \/>\n<meta property=\"og:url\" content=\"https:\/\/www.duschenprofis.de\/magazin\/voll-hygge-jennys-modernes-und-gemuetliches-badezimmer\/\" \/>\n<meta property=\"og:site_name\" content=\"Duschenprofis\" \/>\n<meta property=\"article:publisher\" content=\"https:\/\/www.facebook.com\/duschenprofis\/\" \/>\n<meta property=\"article:published_time\" content=\"2018-03-16T11:15:17+00:00\" \/>\n<meta property=\"article:modified_time\" content=\"2025-10-20T15:49:36+00:00\" \/>\n<meta property=\"og:image\" content=\"https:\/\/www.duschenprofis.de\/magazin\/wp-content\/uploads\/2018\/03\/Schaumbad.jpg\" \/>\n\t<meta property=\"og:image:width\" content=\"600\" \/>\n\t<meta property=\"og:image:height\" content=\"450\" \/>\n\t<meta property=\"og:image:type\" content=\"image\/jpeg\" \/>\n<meta name=\"author\" content=\"Duschenprofis\" \/>\n<meta name=\"twitter:card\" content=\"summary_large_image\" \/>\n<meta name=\"twitter:label1\" content=\"Verfasst von\" \/>\n\t<meta name=\"twitter:data1\" content=\"Duschenprofis\" \/>\n\t<meta name=\"twitter:label2\" content=\"Gesch\u00e4tzte Lesezeit\" \/>\n\t<meta name=\"twitter:data2\" content=\"10\u00a0Minuten\" \/>\n<script type=\"application\/ld+json\" class=\"yoast-schema-graph\">{\"@context\":\"https:\\\/\\\/schema.org\",\"@graph\":[{\"@type\":\"Article\",\"@id\":\"https:\\\/\\\/www.duschenprofis.de\\\/magazin\\\/voll-hygge-jennys-modernes-und-gemuetliches-badezimmer\\\/#article\",\"isPartOf\":{\"@id\":\"https:\\\/\\\/www.duschenprofis.de\\\/magazin\\\/voll-hygge-jennys-modernes-und-gemuetliches-badezimmer\\\/\"},\"author\":{\"name\":\"Duschenprofis\",\"@id\":\"https:\\\/\\\/www.duschenprofis.de\\\/magazin\\\/#\\\/schema\\\/person\\\/5e10dfd59a799b37675a368453bf2ae8\"},\"headline\":\"Voll \u201ehygge\u201c! Jennys modernes und gem\u00fctliches Badezimmer\",\"datePublished\":\"2018-03-16T11:15:17+00:00\",\"dateModified\":\"2025-10-20T15:49:36+00:00\",\"mainEntityOfPage\":{\"@id\":\"https:\\\/\\\/www.duschenprofis.de\\\/magazin\\\/voll-hygge-jennys-modernes-und-gemuetliches-badezimmer\\\/\"},\"wordCount\":1585,\"commentCount\":0,\"image\":{\"@id\":\"https:\\\/\\\/www.duschenprofis.de\\\/magazin\\\/voll-hygge-jennys-modernes-und-gemuetliches-badezimmer\\\/#primaryimage\"},\"thumbnailUrl\":\"https:\\\/\\\/www.duschenprofis.de\\\/magazin\\\/wp-content\\\/uploads\\\/2018\\\/03\\\/Schaumbad.jpg\",\"keywords\":[\"Baddeko\"],\"articleSection\":[\"Gestalten\"],\"inLanguage\":\"de\",\"potentialAction\":[{\"@type\":\"CommentAction\",\"name\":\"Comment\",\"target\":[\"https:\\\/\\\/www.duschenprofis.de\\\/magazin\\\/voll-hygge-jennys-modernes-und-gemuetliches-badezimmer\\\/#respond\"]}]},{\"@type\":\"WebPage\",\"@id\":\"https:\\\/\\\/www.duschenprofis.de\\\/magazin\\\/voll-hygge-jennys-modernes-und-gemuetliches-badezimmer\\\/\",\"url\":\"https:\\\/\\\/www.duschenprofis.de\\\/magazin\\\/voll-hygge-jennys-modernes-und-gemuetliches-badezimmer\\\/\",\"name\":\"Bad gem\u00fctlich einrichten: Jennys modernes Badezimmer\",\"isPartOf\":{\"@id\":\"https:\\\/\\\/www.duschenprofis.de\\\/magazin\\\/#website\"},\"primaryImageOfPage\":{\"@id\":\"https:\\\/\\\/www.duschenprofis.de\\\/magazin\\\/voll-hygge-jennys-modernes-und-gemuetliches-badezimmer\\\/#primaryimage\"},\"image\":{\"@id\":\"https:\\\/\\\/www.duschenprofis.de\\\/magazin\\\/voll-hygge-jennys-modernes-und-gemuetliches-badezimmer\\\/#primaryimage\"},\"thumbnailUrl\":\"https:\\\/\\\/www.duschenprofis.de\\\/magazin\\\/wp-content\\\/uploads\\\/2018\\\/03\\\/Schaumbad.jpg\",\"datePublished\":\"2018-03-16T11:15:17+00:00\",\"dateModified\":\"2025-10-20T15:49:36+00:00\",\"author\":{\"@id\":\"https:\\\/\\\/www.duschenprofis.de\\\/magazin\\\/#\\\/schema\\\/person\\\/5e10dfd59a799b37675a368453bf2ae8\"},\"description\":\"Lassen Sie sich von skandinavischer Einrichtung im Hygge-Stil inspirieren & gestalten Sie Ihr Bad schlicht, funktional & gem\u00fctlich!\",\"breadcrumb\":{\"@id\":\"https:\\\/\\\/www.duschenprofis.de\\\/magazin\\\/voll-hygge-jennys-modernes-und-gemuetliches-badezimmer\\\/#breadcrumb\"},\"inLanguage\":\"de\",\"potentialAction\":[{\"@type\":\"ReadAction\",\"target\":[\"https:\\\/\\\/www.duschenprofis.de\\\/magazin\\\/voll-hygge-jennys-modernes-und-gemuetliches-badezimmer\\\/\"]}]},{\"@type\":\"ImageObject\",\"inLanguage\":\"de\",\"@id\":\"https:\\\/\\\/www.duschenprofis.de\\\/magazin\\\/voll-hygge-jennys-modernes-und-gemuetliches-badezimmer\\\/#primaryimage\",\"url\":\"https:\\\/\\\/www.duschenprofis.de\\\/magazin\\\/wp-content\\\/uploads\\\/2018\\\/03\\\/Schaumbad.jpg\",\"contentUrl\":\"https:\\\/\\\/www.duschenprofis.de\\\/magazin\\\/wp-content\\\/uploads\\\/2018\\\/03\\\/Schaumbad.jpg\",\"width\":600,\"height\":450,\"caption\":\"Jennys gem\u00fctliches Badezimmer\"},{\"@type\":\"BreadcrumbList\",\"@id\":\"https:\\\/\\\/www.duschenprofis.de\\\/magazin\\\/voll-hygge-jennys-modernes-und-gemuetliches-badezimmer\\\/#breadcrumb\",\"itemListElement\":[{\"@type\":\"ListItem\",\"position\":1,\"name\":\"Startseite\",\"item\":\"https:\\\/\\\/www.duschenprofis.de\\\/magazin\\\/\"},{\"@type\":\"ListItem\",\"position\":2,\"name\":\"Voll \u201ehygge\u201c! Jennys modernes und gem\u00fctliches Badezimmer\"}]},{\"@type\":\"WebSite\",\"@id\":\"https:\\\/\\\/www.duschenprofis.de\\\/magazin\\\/#website\",\"url\":\"https:\\\/\\\/www.duschenprofis.de\\\/magazin\\\/\",\"name\":\"Duschenprofis\",\"description\":\"Neues von den Duschenprofis: Tipps und Tricks rund ums Bad, DiY und Ratgeber zur Badplanung.\",\"potentialAction\":[{\"@type\":\"SearchAction\",\"target\":{\"@type\":\"EntryPoint\",\"urlTemplate\":\"https:\\\/\\\/www.duschenprofis.de\\\/magazin\\\/?s={search_term_string}\"},\"query-input\":{\"@type\":\"PropertyValueSpecification\",\"valueRequired\":true,\"valueName\":\"search_term_string\"}}],\"inLanguage\":\"de\"},{\"@type\":\"Person\",\"@id\":\"https:\\\/\\\/www.duschenprofis.de\\\/magazin\\\/#\\\/schema\\\/person\\\/5e10dfd59a799b37675a368453bf2ae8\",\"name\":\"Duschenprofis\"}]}<\/script>\n<!-- \/ Yoast SEO plugin. -->","yoast_head_json":{"title":"Bad gem\u00fctlich einrichten: Jennys modernes Badezimmer","description":"Lassen Sie sich von skandinavischer Einrichtung im Hygge-Stil inspirieren & gestalten Sie Ihr Bad schlicht, funktional & gem\u00fctlich!","robots":{"index":"index","follow":"follow","max-snippet":"max-snippet:-1","max-image-preview":"max-image-preview:large","max-video-preview":"max-video-preview:-1"},"canonical":"https:\/\/www.duschenprofis.de\/magazin\/voll-hygge-jennys-modernes-und-gemuetliches-badezimmer\/","og_locale":"de_DE","og_type":"article","og_title":"Bad gem\u00fctlich einrichten: Jennys modernes gem\u00fctliches Badezimmer","og_description":"Wir entf\u00fchren Sie in Jennys gem\u00fctliches & modernes Badezimmer. Lassen Sie sich von ihrer skandinavischen Einrichtung im Hygge-Stil inspirieren & lernen Sie von ihr die besten Tricks, wie auch Sie Ihr Bad schlicht, funktional & gem\u00fctlich einrichten k\u00f6nnen!","og_url":"https:\/\/www.duschenprofis.de\/magazin\/voll-hygge-jennys-modernes-und-gemuetliches-badezimmer\/","og_site_name":"Duschenprofis","article_publisher":"https:\/\/www.facebook.com\/duschenprofis\/","article_published_time":"2018-03-16T11:15:17+00:00","article_modified_time":"2025-10-20T15:49:36+00:00","og_image":[{"width":600,"height":450,"url":"https:\/\/www.duschenprofis.de\/magazin\/wp-content\/uploads\/2018\/03\/Schaumbad.jpg","type":"image\/jpeg"}],"author":"Duschenprofis","twitter_card":"summary_large_image","twitter_misc":{"Verfasst von":"Duschenprofis","Gesch\u00e4tzte Lesezeit":"10\u00a0Minuten"},"schema":{"@context":"https:\/\/schema.org","@graph":[{"@type":"Article","@id":"https:\/\/www.duschenprofis.de\/magazin\/voll-hygge-jennys-modernes-und-gemuetliches-badezimmer\/#article","isPartOf":{"@id":"https:\/\/www.duschenprofis.de\/magazin\/voll-hygge-jennys-modernes-und-gemuetliches-badezimmer\/"},"author":{"name":"Duschenprofis","@id":"https:\/\/www.duschenprofis.de\/magazin\/#\/schema\/person\/5e10dfd59a799b37675a368453bf2ae8"},"headline":"Voll \u201ehygge\u201c! Jennys modernes und gem\u00fctliches Badezimmer","datePublished":"2018-03-16T11:15:17+00:00","dateModified":"2025-10-20T15:49:36+00:00","mainEntityOfPage":{"@id":"https:\/\/www.duschenprofis.de\/magazin\/voll-hygge-jennys-modernes-und-gemuetliches-badezimmer\/"},"wordCount":1585,"commentCount":0,"image":{"@id":"https:\/\/www.duschenprofis.de\/magazin\/voll-hygge-jennys-modernes-und-gemuetliches-badezimmer\/#primaryimage"},"thumbnailUrl":"https:\/\/www.duschenprofis.de\/magazin\/wp-content\/uploads\/2018\/03\/Schaumbad.jpg","keywords":["Baddeko"],"articleSection":["Gestalten"],"inLanguage":"de","potentialAction":[{"@type":"CommentAction","name":"Comment","target":["https:\/\/www.duschenprofis.de\/magazin\/voll-hygge-jennys-modernes-und-gemuetliches-badezimmer\/#respond"]}]},{"@type":"WebPage","@id":"https:\/\/www.duschenprofis.de\/magazin\/voll-hygge-jennys-modernes-und-gemuetliches-badezimmer\/","url":"https:\/\/www.duschenprofis.de\/magazin\/voll-hygge-jennys-modernes-und-gemuetliches-badezimmer\/","name":"Bad gem\u00fctlich einrichten: Jennys modernes Badezimmer","isPartOf":{"@id":"https:\/\/www.duschenprofis.de\/magazin\/#website"},"primaryImageOfPage":{"@id":"https:\/\/www.duschenprofis.de\/magazin\/voll-hygge-jennys-modernes-und-gemuetliches-badezimmer\/#primaryimage"},"image":{"@id":"https:\/\/www.duschenprofis.de\/magazin\/voll-hygge-jennys-modernes-und-gemuetliches-badezimmer\/#primaryimage"},"thumbnailUrl":"https:\/\/www.duschenprofis.de\/magazin\/wp-content\/uploads\/2018\/03\/Schaumbad.jpg","datePublished":"2018-03-16T11:15:17+00:00","dateModified":"2025-10-20T15:49:36+00:00","author":{"@id":"https:\/\/www.duschenprofis.de\/magazin\/#\/schema\/person\/5e10dfd59a799b37675a368453bf2ae8"},"description":"Lassen Sie sich von skandinavischer Einrichtung im Hygge-Stil inspirieren & gestalten Sie Ihr Bad schlicht, funktional & gem\u00fctlich!","breadcrumb":{"@id":"https:\/\/www.duschenprofis.de\/magazin\/voll-hygge-jennys-modernes-und-gemuetliches-badezimmer\/#breadcrumb"},"inLanguage":"de","potentialAction":[{"@type":"ReadAction","target":["https:\/\/www.duschenprofis.de\/magazin\/voll-hygge-jennys-modernes-und-gemuetliches-badezimmer\/"]}]},{"@type":"ImageObject","inLanguage":"de","@id":"https:\/\/www.duschenprofis.de\/magazin\/voll-hygge-jennys-modernes-und-gemuetliches-badezimmer\/#primaryimage","url":"https:\/\/www.duschenprofis.de\/magazin\/wp-content\/uploads\/2018\/03\/Schaumbad.jpg","contentUrl":"https:\/\/www.duschenprofis.de\/magazin\/wp-content\/uploads\/2018\/03\/Schaumbad.jpg","width":600,"height":450,"caption":"Jennys gem\u00fctliches Badezimmer"},{"@type":"BreadcrumbList","@id":"https:\/\/www.duschenprofis.de\/magazin\/voll-hygge-jennys-modernes-und-gemuetliches-badezimmer\/#breadcrumb","itemListElement":[{"@type":"ListItem","position":1,"name":"Startseite","item":"https:\/\/www.duschenprofis.de\/magazin\/"},{"@type":"ListItem","position":2,"name":"Voll \u201ehygge\u201c! Jennys modernes und gem\u00fctliches Badezimmer"}]},{"@type":"WebSite","@id":"https:\/\/www.duschenprofis.de\/magazin\/#website","url":"https:\/\/www.duschenprofis.de\/magazin\/","name":"Duschenprofis","description":"Neues von den Duschenprofis: Tipps und Tricks rund ums Bad, DiY und Ratgeber zur Badplanung.","potentialAction":[{"@type":"SearchAction","target":{"@type":"EntryPoint","urlTemplate":"https:\/\/www.duschenprofis.de\/magazin\/?s={search_term_string}"},"query-input":{"@type":"PropertyValueSpecification","valueRequired":true,"valueName":"search_term_string"}}],"inLanguage":"de"},{"@type":"Person","@id":"https:\/\/www.duschenprofis.de\/magazin\/#\/schema\/person\/5e10dfd59a799b37675a368453bf2ae8","name":"Duschenprofis"}]}},"lang":"de","translations":{"de":2426,"de-at":7656},"pll_sync_post":{"de":true},"_links":{"self":[{"href":"https:\/\/www.duschenprofis.de\/magazin\/wp-json\/wp\/v2\/posts\/2426","targetHints":{"allow":["GET"]}}],"collection":[{"href":"https:\/\/www.duschenprofis.de\/magazin\/wp-json\/wp\/v2\/posts"}],"about":[{"href":"https:\/\/www.duschenprofis.de\/magazin\/wp-json\/wp\/v2\/types\/post"}],"author":[{"embeddable":true,"href":"https:\/\/www.duschenprofis.de\/magazin\/wp-json\/wp\/v2\/users\/2"}],"replies":[{"embeddable":true,"href":"https:\/\/www.duschenprofis.de\/magazin\/wp-json\/wp\/v2\/comments?post=2426"}],"version-history":[{"count":10,"href":"https:\/\/www.duschenprofis.de\/magazin\/wp-json\/wp\/v2\/posts\/2426\/revisions"}],"predecessor-version":[{"id":8266,"href":"https:\/\/www.duschenprofis.de\/magazin\/wp-json\/wp\/v2\/posts\/2426\/revisions\/8266"}],"wp:featuredmedia":[{"embeddable":true,"href":"https:\/\/www.duschenprofis.de\/magazin\/wp-json\/wp\/v2\/media\/2427"}],"wp:attachment":[{"href":"https:\/\/www.duschenprofis.de\/magazin\/wp-json\/wp\/v2\/media?parent=2426"}],"wp:term":[{"taxonomy":"category","embeddable":true,"href":"https:\/\/www.duschenprofis.de\/magazin\/wp-json\/wp\/v2\/categories?post=2426"},{"taxonomy":"post_tag","embeddable":true,"href":"https:\/\/www.duschenprofis.de\/magazin\/wp-json\/wp\/v2\/tags?post=2426"}],"curies":[{"name":"wp","href":"https:\/\/api.w.org\/{rel}","templated":true}]}}