{"id":2369,"date":"2018-02-06T17:29:00","date_gmt":"2018-02-06T15:29:00","guid":{"rendered":"https:\/\/www.duschenprofis.de\/magazin\/?p=2369"},"modified":"2025-10-23T12:23:48","modified_gmt":"2025-10-23T10:23:48","slug":"bad-wohnlich-gestalten","status":"publish","type":"post","link":"https:\/\/www.duschenprofis.de\/magazin\/bad-wohnlich-gestalten\/","title":{"rendered":"Mut zur Farbe! Julias wohnliches und originelles Badezimmer"},"content":{"rendered":"<section  class='av_textblock_section av-me9s1gvy-5006e81861ea6d08dd1737677a1e6947 '   itemscope=\"itemscope\" itemtype=\"https:\/\/schema.org\/BlogPosting\" itemprop=\"blogPost\" ><div class='avia_textblock'  itemprop=\"text\" ><p><img loading=\"lazy\" decoding=\"async\" class=\"alignnone size-full wp-image-2373 aligncenter\" src=\"https:\/\/www.duschenprofis.de\/magazin\/wp-content\/uploads\/2018\/02\/bad-in-gelb.jpg\" alt=\"Bad wohnlich gestalten\" width=\"600\" height=\"338\" srcset=\"https:\/\/www.duschenprofis.de\/magazin\/wp-content\/uploads\/2018\/02\/bad-in-gelb.jpg 600w, https:\/\/www.duschenprofis.de\/magazin\/wp-content\/uploads\/2018\/02\/bad-in-gelb-300x169.jpg 300w\" sizes=\"auto, (max-width: 600px) 100vw, 600px\" \/><\/p>\n<p><strong>Heute entf\u00fchren wir Sie in das farbenfroh-fr\u00f6hliche Badezimmer von Interior Stylistin Julia. Lassen Sie sich von der ungew\u00f6hnlichen Wandfarbe und der originellen Deko begeistern \u2013 und holen Sie sich Tipps der Einrichtungsexpertin, wie auch Sie Ihr Bad im Handumdrehen umgestalten k\u00f6nnen. Ganz nach Julias Motto \u201eaus wenig viel machen!\u201c.<\/strong><\/p>\n<p><!--more--><\/p>\n<h2>Kein 0815-Bad: Hier ist Individualit\u00e4t angesagt!<\/h2>\n<p><em>\u00a0\u201eUngew\u00f6hnlich, gem\u00fctlich und farbenfroh\u201c<\/em>: Mit diesen drei Worten beschreibt Julia ihr Badezimmer sehr treffend. Originelle Deko, Rattanst\u00fchle und weiche Kissen, eine knallige Wandfarbe \u2013 Julias Bad ist eindeutig ein Bad mit Charakter!<\/p>\n<p>Ein echtes Highlight in ihrem Bad ist f\u00fcr Julia <em>\u201ekeine Fliesen zu haben, weder an den W\u00e4nden noch am Boden. Das macht es sehr wohnlich\u201c<\/em>.<\/p>\n<p>Neben Deko und Wandfarbe sorgen die ausgesuchten Badm\u00f6bel f\u00fcr eine individuelle Note: Die freistehende Badewanne und die alte Waschkommode sind Familienerbst\u00fccke.<\/p>\n<div id=\"attachment_2371\" style=\"width: 610px\" class=\"wp-caption aligncenter\"><img loading=\"lazy\" decoding=\"async\" aria-describedby=\"caption-attachment-2371\" class=\"size-full wp-image-2371\" src=\"https:\/\/www.duschenprofis.de\/magazin\/wp-content\/uploads\/2018\/02\/bad-als-wohnraum.jpg\" alt=\"Erbst\u00fccke als Badm\u00f6bel, um das Bad wohnlich zu gestalten\" width=\"600\" height=\"296\" srcset=\"https:\/\/www.duschenprofis.de\/magazin\/wp-content\/uploads\/2018\/02\/bad-als-wohnraum.jpg 600w, https:\/\/www.duschenprofis.de\/magazin\/wp-content\/uploads\/2018\/02\/bad-als-wohnraum-300x148.jpg 300w\" sizes=\"auto, (max-width: 600px) 100vw, 600px\" \/><p id=\"caption-attachment-2371\" class=\"wp-caption-text\">Erbst\u00fccke und moderne Elemente hat Julia geschickt kombiniert.<\/p><\/div>\n<p>Ein echter Hingucker ist die Wandfarbe: Das leuchtende Gelb macht sofort gute Laune! Doch Julia liebt es, hin und wieder die Farbe zu wechseln und ihrem Badezimmer einen neuen Anstrich zu verpassen. Ihre Wand war auch schon mal <a href=\"https:\/\/myhomeismyhorst.de\/2017\/09\/alles-neu-macht-der-september\/\">mintgr\u00fcn und lila<\/a>. Auf ihrem Blog zeigt Julia au\u00dferdem <a href=\"https:\/\/myhomeismyhorst.de\/tag\/badezimmer\/\">regelm\u00e4\u00dfig neue Gestaltungsideen und einzigartige Deko-Fundst\u00fccke<\/a>, mit denen sie ihr Bad versch\u00f6nert.<\/p>\n<div id=\"attachment_2372\" style=\"width: 610px\" class=\"wp-caption aligncenter\"><img loading=\"lazy\" decoding=\"async\" aria-describedby=\"caption-attachment-2372\" class=\"size-full wp-image-2372\" src=\"https:\/\/www.duschenprofis.de\/magazin\/wp-content\/uploads\/2018\/02\/badewanne.jpg\" alt=\"freistehende Badewanne mit L\u00f6wenf\u00fc\u00dfen\" width=\"600\" height=\"300\" srcset=\"https:\/\/www.duschenprofis.de\/magazin\/wp-content\/uploads\/2018\/02\/badewanne.jpg 600w, https:\/\/www.duschenprofis.de\/magazin\/wp-content\/uploads\/2018\/02\/badewanne-300x150.jpg 300w\" sizes=\"auto, (max-width: 600px) 100vw, 600px\" \/><p id=\"caption-attachment-2372\" class=\"wp-caption-text\">Deko und Gr\u00fcnpflanzen verleihen Julias Bad seinen besonderen Charme.<\/p><\/div>\n<p>Generell l\u00e4sst sich Julias Einrichtung nicht in eine bestimmte Schublade stecken: <em>\u201eMein Einrichtungsstil hat einen hohen Wiedererkennungswert, denn bei mir es ist sehr bunt, mit vielen Mustern, sehr fr\u00f6hlich und es gibt viele alte Dinge.\u201c<\/em><\/p>\n<p>Der Gefahr, die von einer gro\u00dfen Anzahl an Deko-Elementen ausgeht, ist sich Julia durchaus bewusst: <em>\u201eDadurch, dass ich viel Deko besitze, muss der Rest der Wohnung sehr aufger\u00e4umt sein, sonst wird es schnell zu \u201awuselig\u2018 oder zu unruhig und die Deko wirkt nicht mehr.\u201c <\/em>Ihr Tipp an alle, die sich ertappt f\u00fchlen:<em> \u201eWenn man generell nicht der ordentliche Typ ist, dann sollte man eher sparsam dekorieren.\u201c<\/em><\/p>\n<div id=\"attachment_2374\" style=\"width: 610px\" class=\"wp-caption aligncenter\"><img loading=\"lazy\" decoding=\"async\" aria-describedby=\"caption-attachment-2374\" class=\"size-full wp-image-2374\" src=\"https:\/\/www.duschenprofis.de\/magazin\/wp-content\/uploads\/2018\/02\/deko-im-bad.jpg\" alt=\"ausgesuchte Badezimmer-Deko\" width=\"600\" height=\"298\" srcset=\"https:\/\/www.duschenprofis.de\/magazin\/wp-content\/uploads\/2018\/02\/deko-im-bad.jpg 600w, https:\/\/www.duschenprofis.de\/magazin\/wp-content\/uploads\/2018\/02\/deko-im-bad-300x149.jpg 300w\" sizes=\"auto, (max-width: 600px) 100vw, 600px\" \/><p id=\"caption-attachment-2374\" class=\"wp-caption-text\">Vom historischen Holzbalken bis zur Fotocollage: Julias Bad ist voll dekorativer Hingucker.<\/p><\/div>\n<p>Ihre Leidenschaft f\u00fcr Einrichtung und (Wohn-)Design hat Julia zum Beruf gemacht: Sie ist Interior Stylistin und zudem Wohnberaterin.<\/p>\n<p>Vielleicht hat sie ja auch den ein oder anderen Tipp f\u00fcr uns?<\/p>\n<h2>Das Bad wohnlich gestalten: Julias Tipps &amp; Tricks<\/h2>\n<p>In ihrem Beruf als Wohnberaterin ber\u00e4t Julia Menschen, wie sie ihrem Zuhause mehr Pers\u00f6nlichkeit verleihen, die richtigen Farbakzente setzen oder Erbst\u00fccke gekonnt inszenieren.<\/p>\n<p><em>\u201eOft finden die Kunden einen Raum nicht stimmig, ungem\u00fctlich oder haben generell gar keine Idee, wie man etwas gestalten kann und welche Farben toll passen k\u00f6nnten. Dann muss ich erst mal pers\u00f6nliche Vorlieben herausfinden\u201c<\/em>, erz\u00e4hlt Julia.<\/p>\n<h3>Mit kleinen Ver\u00e4nderungen beginnen<\/h3>\n<p>Es muss nicht immer die gro\u00dfe und kostspielige Ver\u00e4nderung sein, um Ihr Bad wohnlich zu gestalten. Julia hat einen einfachen Tipp:<\/p>\n<p>\u201e<em>Oft reicht es auch schon auszumisten, umzustellen oder eine Wand zu streichen.\u201c<\/em><\/p>\n<p>Und schon mit g\u00fcnstigen Mitteln k\u00f6nnen Sie Ihre Badneugestaltung angehen: <em>\u201eWer eine Dusche mit <strong>Duschvorhang <\/strong>hat, sollte sich einen kaufen, der zu den Fliesen passt. Es gibt mittlerweile eine gro\u00dfe Anzahl von h\u00fcbschen Duschvorh\u00e4ngen. Dieser sollte unbedingt <strong>durch einheitliche, farblich passende Handt\u00fccher<\/strong> erg\u00e4nzt werden. Handt\u00fccher, die nicht in das Farbschema passen, unbedingt aussortieren.\u201c<\/em><\/p>\n<p>Wichtig ist au\u00dferdem, <a href=\"\/magazin\/mehr-ablageflaeche-im-bad\/\">Unordnung im Bad zu vermeiden<\/a>:<\/p>\n<p><em>\u201eAuch im Bad gilt, was im Rest der Wohnung ganz wichtig ist: ich kann kein sch\u00f6nes Bad haben, wenn \u00fcberall undekorative Gegenst\u00e4nde herumstehen oder liegen.\u201c<\/em><\/p>\n<p>Julia hat einen einfachen Trick parat:<em> \u201eGerade das Bad ist oft vollgestopft mit Plastikverpackungen von Shampoo, Duschgel und Kosmetikartikeln. Entweder man f\u00fcllt diese Produkte in <strong>h\u00fcbsche, einheitliche Gl\u00e4ser oder Dosen<\/strong> ab, oder man r\u00e4umt sie konsequent in einen <strong>Schrank<\/strong>, damit sie nicht sichtbar sind. Auf die Ablagefl\u00e4chen vor dem Spiegel geh\u00f6ren dann nur noch die dekorativen Gegenst\u00e4nde wie eine h\u00fcbsche Seife oder das Lieblingsparf\u00fcm.\u201c<\/em><\/p>\n<div id=\"attachment_2370\" style=\"width: 610px\" class=\"wp-caption aligncenter\"><img loading=\"lazy\" decoding=\"async\" aria-describedby=\"caption-attachment-2370\" class=\"size-full wp-image-2370\" src=\"https:\/\/www.duschenprofis.de\/magazin\/wp-content\/uploads\/2018\/02\/aufbewahrung.jpg\" alt=\"K\u00f6rbe und Kommoden als Stauraum im Bad\" width=\"600\" height=\"298\" srcset=\"https:\/\/www.duschenprofis.de\/magazin\/wp-content\/uploads\/2018\/02\/aufbewahrung.jpg 600w, https:\/\/www.duschenprofis.de\/magazin\/wp-content\/uploads\/2018\/02\/aufbewahrung-300x149.jpg 300w\" sizes=\"auto, (max-width: 600px) 100vw, 600px\" \/><p id=\"caption-attachment-2370\" class=\"wp-caption-text\">Um im Bad Ordnung zu halten, k\u00f6nnen Sie Pflegeprodukte in Schubladen oder dekorativen K\u00f6rben verstauen.<\/p><\/div>\n<p><em>\u201eNat\u00fcrlich ist Ordnung halten anstrengend\u201c, <\/em>wei\u00df auch Julia.<em> \u201eAber leider ist es auch das Non-plus-Ultra, gerade wenn viele Leute ein Bad benutzen.\u201c<\/em><\/p>\n<h3>Mit Deko ein behagliches Raumgef\u00fchl schaffen<\/h3>\n<p>Die Bloggerin gestaltet ihr Badezimmer als einen weiteren Wohn-Raum, in dem man sich gerne aufh\u00e4lt \u2013 nicht nur zur t\u00e4glichen Pflegeroutine.<\/p>\n<p><em>\u201eDas Bad sollte generell auch als Wohnraum im erweiterten Sinn betrachtet werden\u201c<\/em>, findet die Einrichtungsexpertin. <em>\u201eHier kann man auch <strong>Pflanzen<\/strong> (zum Beispiel als H\u00e4ngepflanze von der Decke) unterbringen, einen h\u00fcbschen <strong>Teppich<\/strong> oder auch <strong>Bilder<\/strong> platzieren \u2013 je nach Gr\u00f6\u00dfe und Beschaffenheit des Bades. <strong>Raumd\u00fcfte und Kerzen<\/strong> k\u00f6nnen zus\u00e4tzlich das Bild abrunden und f\u00fcr Wohlbefinden sorgen! Oberste Priorit\u00e4t hat aber dennoch das Wegr\u00e4umen von dutzenden Kosmetikartikeln in beispielsweise schicke <strong>Rattank\u00f6rbchen<\/strong>.\u201c<\/em><\/p>\n<p>F\u00fcr weitere Tipps, wie Sie in Ihrem Bad mit wenigen Kniffen echte Wohlf\u00fchlatmosph\u00e4re schaffen k\u00f6nnen, lesen Sie <a href=\"\/magazin\/badezimmer-wohlfuehloase\/\">auch diesen Beitrag<\/a>.<\/p>\n<h3>Julia von My home is my horst<\/h3>\n<p>Einrichtung, M\u00f6bel, Design, Deko, Rezepte, DIY und Lifestyle \u2013 das sind die Themen, f\u00fcr die Julia Ballmaier brennt. Und \u00fcber die sie jeden Tag auf ihrem Blog <a href=\"https:\/\/myhomeismyhorst.de\/\">My home is my horst<\/a> schreibt. Als Interior Stylistin und Wohnberaterin sorgt sie au\u00dferdem daf\u00fcr, dass sich andere Menschen ihre k\u00fchnsten Wohntr\u00e4ume erf\u00fcllen k\u00f6nnen.<\/p>\n<p>Auch sch\u00f6n: <a href=\"https:\/\/www.instagram.com\/myhomeismyhorst.de\/\">Julias Instagramprofil<\/a> \u2013 sehen Sie unbedingt mal rein! Beim Scrollen durch all die inspirierenden und bunten Bilder ist gute Laune garantiert!<\/p>\n<div id=\"attachment_2385\" style=\"width: 610px\" class=\"wp-caption alignnone\"><img loading=\"lazy\" decoding=\"async\" aria-describedby=\"caption-attachment-2385\" class=\"wp-image-2385 size-full\" src=\"https:\/\/www.duschenprofis.de\/magazin\/wp-content\/uploads\/2018\/02\/julia.jpg\" alt=\"Wohnbloggerin Julia Ballmaier\" width=\"600\" height=\"411\" srcset=\"https:\/\/www.duschenprofis.de\/magazin\/wp-content\/uploads\/2018\/02\/julia.jpg 600w, https:\/\/www.duschenprofis.de\/magazin\/wp-content\/uploads\/2018\/02\/julia-300x206.jpg 300w\" sizes=\"auto, (max-width: 600px) 100vw, 600px\" \/><p id=\"caption-attachment-2385\" class=\"wp-caption-text\">Wohnbloggerin Julia Ballmaier<\/p><\/div>\n<p>Tolle Einrichtungstipps, die sich mit wenig Budget umsetzen lassen, verr\u00e4t Julia \u00fcbrigens in ihrem Buch \u201eWohnen unter 1.000 Euro: Gro\u00dfe Wohnideen &#8211; kleiner Preis\u201c, das im Callwey-Verlag erschienen ist.<\/p>\n<p>Uns als <a href=\"\/\">Duschenprofis<\/a> hat nat\u00fcrlich auch die Frage interessiert: <strong>Badewanne oder <a href=\"\/duschkabinen.html\">Duschkabine<\/a>?<\/strong> Julias Antwort: \u201e<em>Zum Gl\u00fcck habe ich beides. Wenn ich mich entscheiden m\u00fcsste, w\u00fcrde ich die Badewanne w\u00e4hlen, darin kann man ja auch duschen und eben auch baden und somit entspannen.\u201c <\/em>Na, damit k\u00f6nnen wir leben. \ud83d\ude09<\/p>\n<p>Wenn Sie einen Blick in weitere fremde Badezimmer erhaschen m\u00f6chten, lassen Sie sich hier entlang f\u00fchren: zu unserer Rubrik <a href=\"\/magazin\/gestalten\/\">Mein Bad<\/a>.<\/p>\n<p><small><small>Bilder: \u00a9 Julia Ballmaier; Portr\u00e4t: \u00a9 Katrin Binner<\/small><\/small><\/p>\n<\/div><\/section>\n","protected":false},"excerpt":{"rendered":"<p>Wir entf\u00fchren Sie in das farbenfroh-fr\u00f6hliche Badezimmer von Interior Stylistin Julia. Lassen Sie sich von der ungew\u00f6hnlichen Wandfarbe und der originellen Deko begeistern \u2013 und holen Sie sich Tipps der Einrichtungsexpertin!<\/p>\n","protected":false},"author":2,"featured_media":2373,"comment_status":"open","ping_status":"closed","sticky":false,"template":"","format":"standard","meta":{"footnotes":""},"categories":[4],"tags":[11,12,21],"class_list":["post-2369","post","type-post","status-publish","format-standard","has-post-thumbnail","hentry","category-gestalten","tag-bad-verschoenern","tag-baddeko","tag-pflanzen-fuers-bad"],"yoast_head":"<!-- This site is optimized with the Yoast SEO plugin v27.5 - https:\/\/yoast.com\/product\/yoast-seo-wordpress\/ -->\n<title>Bad wohnlich gestalten: Julias kreatives Badezimmer<\/title>\n<meta name=\"description\" content=\"Das Bad als Wohlf\u00fchlort: Wohnberaterin Julia wei\u00df, wie&#039;s geht. Lassen Sie sich inspirieren, wie Sie Ihr Bad wohnlich gestalten!\" \/>\n<meta name=\"robots\" content=\"index, follow, max-snippet:-1, max-image-preview:large, max-video-preview:-1\" \/>\n<link rel=\"canonical\" href=\"https:\/\/www.duschenprofis.de\/magazin\/bad-wohnlich-gestalten\/\" \/>\n<meta property=\"og:locale\" content=\"de_DE\" \/>\n<meta property=\"og:type\" content=\"article\" \/>\n<meta property=\"og:title\" content=\"Bad wohnlich gestalten: Entdecken Sie Julias kreatives Badezimmer\" \/>\n<meta property=\"og:description\" content=\"Das Badezimmer als pers\u00f6nlicher Wohlf\u00fchlort: Wohnberaterin Julia wei\u00df, wie das geht. Lassen Sie sich von ihrem kreativen Badezimmer inspirieren und lesen Sie, mit welchen kreativen Ideen auch Sie Ihr Bad wohnlich gestalten k\u00f6nnen!\" \/>\n<meta property=\"og:url\" content=\"https:\/\/www.duschenprofis.de\/magazin\/bad-wohnlich-gestalten\/\" \/>\n<meta property=\"og:site_name\" content=\"Duschenprofis\" \/>\n<meta property=\"article:publisher\" content=\"https:\/\/www.facebook.com\/duschenprofis\/\" \/>\n<meta property=\"article:published_time\" content=\"2018-02-06T15:29:00+00:00\" \/>\n<meta property=\"article:modified_time\" content=\"2025-10-23T10:23:48+00:00\" \/>\n<meta property=\"og:image\" content=\"https:\/\/www.duschenprofis.de\/magazin\/wp-content\/uploads\/2018\/02\/bad-in-gelb.jpg\" \/>\n\t<meta property=\"og:image:width\" content=\"600\" \/>\n\t<meta property=\"og:image:height\" content=\"338\" \/>\n\t<meta property=\"og:image:type\" content=\"image\/jpeg\" \/>\n<meta name=\"author\" content=\"Duschenprofis\" \/>\n<meta name=\"twitter:card\" content=\"summary_large_image\" \/>\n<meta name=\"twitter:label1\" content=\"Verfasst von\" \/>\n\t<meta name=\"twitter:data1\" content=\"Duschenprofis\" \/>\n\t<meta name=\"twitter:label2\" content=\"Gesch\u00e4tzte Lesezeit\" \/>\n\t<meta name=\"twitter:data2\" content=\"7\u00a0Minuten\" \/>\n<script type=\"application\/ld+json\" class=\"yoast-schema-graph\">{\"@context\":\"https:\\\/\\\/schema.org\",\"@graph\":[{\"@type\":\"Article\",\"@id\":\"https:\\\/\\\/www.duschenprofis.de\\\/magazin\\\/bad-wohnlich-gestalten\\\/#article\",\"isPartOf\":{\"@id\":\"https:\\\/\\\/www.duschenprofis.de\\\/magazin\\\/bad-wohnlich-gestalten\\\/\"},\"author\":{\"name\":\"Duschenprofis\",\"@id\":\"https:\\\/\\\/www.duschenprofis.de\\\/magazin\\\/#\\\/schema\\\/person\\\/5e10dfd59a799b37675a368453bf2ae8\"},\"headline\":\"Mut zur Farbe! Julias wohnliches und originelles Badezimmer\",\"datePublished\":\"2018-02-06T15:29:00+00:00\",\"dateModified\":\"2025-10-23T10:23:48+00:00\",\"mainEntityOfPage\":{\"@id\":\"https:\\\/\\\/www.duschenprofis.de\\\/magazin\\\/bad-wohnlich-gestalten\\\/\"},\"wordCount\":1163,\"commentCount\":0,\"image\":{\"@id\":\"https:\\\/\\\/www.duschenprofis.de\\\/magazin\\\/bad-wohnlich-gestalten\\\/#primaryimage\"},\"thumbnailUrl\":\"https:\\\/\\\/www.duschenprofis.de\\\/magazin\\\/wp-content\\\/uploads\\\/2018\\\/02\\\/bad-in-gelb.jpg\",\"keywords\":[\"Bad versch\u00f6nern\",\"Baddeko\",\"Pflanzen f\u00fcrs Bad\"],\"articleSection\":[\"Gestalten\"],\"inLanguage\":\"de\",\"potentialAction\":[{\"@type\":\"CommentAction\",\"name\":\"Comment\",\"target\":[\"https:\\\/\\\/www.duschenprofis.de\\\/magazin\\\/bad-wohnlich-gestalten\\\/#respond\"]}]},{\"@type\":\"WebPage\",\"@id\":\"https:\\\/\\\/www.duschenprofis.de\\\/magazin\\\/bad-wohnlich-gestalten\\\/\",\"url\":\"https:\\\/\\\/www.duschenprofis.de\\\/magazin\\\/bad-wohnlich-gestalten\\\/\",\"name\":\"Bad wohnlich gestalten: Julias kreatives Badezimmer\",\"isPartOf\":{\"@id\":\"https:\\\/\\\/www.duschenprofis.de\\\/magazin\\\/#website\"},\"primaryImageOfPage\":{\"@id\":\"https:\\\/\\\/www.duschenprofis.de\\\/magazin\\\/bad-wohnlich-gestalten\\\/#primaryimage\"},\"image\":{\"@id\":\"https:\\\/\\\/www.duschenprofis.de\\\/magazin\\\/bad-wohnlich-gestalten\\\/#primaryimage\"},\"thumbnailUrl\":\"https:\\\/\\\/www.duschenprofis.de\\\/magazin\\\/wp-content\\\/uploads\\\/2018\\\/02\\\/bad-in-gelb.jpg\",\"datePublished\":\"2018-02-06T15:29:00+00:00\",\"dateModified\":\"2025-10-23T10:23:48+00:00\",\"author\":{\"@id\":\"https:\\\/\\\/www.duschenprofis.de\\\/magazin\\\/#\\\/schema\\\/person\\\/5e10dfd59a799b37675a368453bf2ae8\"},\"description\":\"Das Bad als Wohlf\u00fchlort: Wohnberaterin Julia wei\u00df, wie's geht. Lassen Sie sich inspirieren, wie Sie Ihr Bad wohnlich gestalten!\",\"breadcrumb\":{\"@id\":\"https:\\\/\\\/www.duschenprofis.de\\\/magazin\\\/bad-wohnlich-gestalten\\\/#breadcrumb\"},\"inLanguage\":\"de\",\"potentialAction\":[{\"@type\":\"ReadAction\",\"target\":[\"https:\\\/\\\/www.duschenprofis.de\\\/magazin\\\/bad-wohnlich-gestalten\\\/\"]}]},{\"@type\":\"ImageObject\",\"inLanguage\":\"de\",\"@id\":\"https:\\\/\\\/www.duschenprofis.de\\\/magazin\\\/bad-wohnlich-gestalten\\\/#primaryimage\",\"url\":\"https:\\\/\\\/www.duschenprofis.de\\\/magazin\\\/wp-content\\\/uploads\\\/2018\\\/02\\\/bad-in-gelb.jpg\",\"contentUrl\":\"https:\\\/\\\/www.duschenprofis.de\\\/magazin\\\/wp-content\\\/uploads\\\/2018\\\/02\\\/bad-in-gelb.jpg\",\"width\":600,\"height\":338,\"caption\":\"Bad wohnlich gestalten\"},{\"@type\":\"BreadcrumbList\",\"@id\":\"https:\\\/\\\/www.duschenprofis.de\\\/magazin\\\/bad-wohnlich-gestalten\\\/#breadcrumb\",\"itemListElement\":[{\"@type\":\"ListItem\",\"position\":1,\"name\":\"Startseite\",\"item\":\"https:\\\/\\\/www.duschenprofis.de\\\/magazin\\\/\"},{\"@type\":\"ListItem\",\"position\":2,\"name\":\"Mut zur Farbe! Julias wohnliches und originelles Badezimmer\"}]},{\"@type\":\"WebSite\",\"@id\":\"https:\\\/\\\/www.duschenprofis.de\\\/magazin\\\/#website\",\"url\":\"https:\\\/\\\/www.duschenprofis.de\\\/magazin\\\/\",\"name\":\"Duschenprofis\",\"description\":\"Neues von den Duschenprofis: Tipps und Tricks rund ums Bad, DiY und Ratgeber zur Badplanung.\",\"potentialAction\":[{\"@type\":\"SearchAction\",\"target\":{\"@type\":\"EntryPoint\",\"urlTemplate\":\"https:\\\/\\\/www.duschenprofis.de\\\/magazin\\\/?s={search_term_string}\"},\"query-input\":{\"@type\":\"PropertyValueSpecification\",\"valueRequired\":true,\"valueName\":\"search_term_string\"}}],\"inLanguage\":\"de\"},{\"@type\":\"Person\",\"@id\":\"https:\\\/\\\/www.duschenprofis.de\\\/magazin\\\/#\\\/schema\\\/person\\\/5e10dfd59a799b37675a368453bf2ae8\",\"name\":\"Duschenprofis\"}]}<\/script>\n<!-- \/ Yoast SEO plugin. -->","yoast_head_json":{"title":"Bad wohnlich gestalten: Julias kreatives Badezimmer","description":"Das Bad als Wohlf\u00fchlort: Wohnberaterin Julia wei\u00df, wie's geht. Lassen Sie sich inspirieren, wie Sie Ihr Bad wohnlich gestalten!","robots":{"index":"index","follow":"follow","max-snippet":"max-snippet:-1","max-image-preview":"max-image-preview:large","max-video-preview":"max-video-preview:-1"},"canonical":"https:\/\/www.duschenprofis.de\/magazin\/bad-wohnlich-gestalten\/","og_locale":"de_DE","og_type":"article","og_title":"Bad wohnlich gestalten: Entdecken Sie Julias kreatives Badezimmer","og_description":"Das Badezimmer als pers\u00f6nlicher Wohlf\u00fchlort: Wohnberaterin Julia wei\u00df, wie das geht. Lassen Sie sich von ihrem kreativen Badezimmer inspirieren und lesen Sie, mit welchen kreativen Ideen auch Sie Ihr Bad wohnlich gestalten k\u00f6nnen!","og_url":"https:\/\/www.duschenprofis.de\/magazin\/bad-wohnlich-gestalten\/","og_site_name":"Duschenprofis","article_publisher":"https:\/\/www.facebook.com\/duschenprofis\/","article_published_time":"2018-02-06T15:29:00+00:00","article_modified_time":"2025-10-23T10:23:48+00:00","og_image":[{"width":600,"height":338,"url":"https:\/\/www.duschenprofis.de\/magazin\/wp-content\/uploads\/2018\/02\/bad-in-gelb.jpg","type":"image\/jpeg"}],"author":"Duschenprofis","twitter_card":"summary_large_image","twitter_misc":{"Verfasst von":"Duschenprofis","Gesch\u00e4tzte Lesezeit":"7\u00a0Minuten"},"schema":{"@context":"https:\/\/schema.org","@graph":[{"@type":"Article","@id":"https:\/\/www.duschenprofis.de\/magazin\/bad-wohnlich-gestalten\/#article","isPartOf":{"@id":"https:\/\/www.duschenprofis.de\/magazin\/bad-wohnlich-gestalten\/"},"author":{"name":"Duschenprofis","@id":"https:\/\/www.duschenprofis.de\/magazin\/#\/schema\/person\/5e10dfd59a799b37675a368453bf2ae8"},"headline":"Mut zur Farbe! Julias wohnliches und originelles Badezimmer","datePublished":"2018-02-06T15:29:00+00:00","dateModified":"2025-10-23T10:23:48+00:00","mainEntityOfPage":{"@id":"https:\/\/www.duschenprofis.de\/magazin\/bad-wohnlich-gestalten\/"},"wordCount":1163,"commentCount":0,"image":{"@id":"https:\/\/www.duschenprofis.de\/magazin\/bad-wohnlich-gestalten\/#primaryimage"},"thumbnailUrl":"https:\/\/www.duschenprofis.de\/magazin\/wp-content\/uploads\/2018\/02\/bad-in-gelb.jpg","keywords":["Bad versch\u00f6nern","Baddeko","Pflanzen f\u00fcrs Bad"],"articleSection":["Gestalten"],"inLanguage":"de","potentialAction":[{"@type":"CommentAction","name":"Comment","target":["https:\/\/www.duschenprofis.de\/magazin\/bad-wohnlich-gestalten\/#respond"]}]},{"@type":"WebPage","@id":"https:\/\/www.duschenprofis.de\/magazin\/bad-wohnlich-gestalten\/","url":"https:\/\/www.duschenprofis.de\/magazin\/bad-wohnlich-gestalten\/","name":"Bad wohnlich gestalten: Julias kreatives Badezimmer","isPartOf":{"@id":"https:\/\/www.duschenprofis.de\/magazin\/#website"},"primaryImageOfPage":{"@id":"https:\/\/www.duschenprofis.de\/magazin\/bad-wohnlich-gestalten\/#primaryimage"},"image":{"@id":"https:\/\/www.duschenprofis.de\/magazin\/bad-wohnlich-gestalten\/#primaryimage"},"thumbnailUrl":"https:\/\/www.duschenprofis.de\/magazin\/wp-content\/uploads\/2018\/02\/bad-in-gelb.jpg","datePublished":"2018-02-06T15:29:00+00:00","dateModified":"2025-10-23T10:23:48+00:00","author":{"@id":"https:\/\/www.duschenprofis.de\/magazin\/#\/schema\/person\/5e10dfd59a799b37675a368453bf2ae8"},"description":"Das Bad als Wohlf\u00fchlort: Wohnberaterin Julia wei\u00df, wie's geht. Lassen Sie sich inspirieren, wie Sie Ihr Bad wohnlich gestalten!","breadcrumb":{"@id":"https:\/\/www.duschenprofis.de\/magazin\/bad-wohnlich-gestalten\/#breadcrumb"},"inLanguage":"de","potentialAction":[{"@type":"ReadAction","target":["https:\/\/www.duschenprofis.de\/magazin\/bad-wohnlich-gestalten\/"]}]},{"@type":"ImageObject","inLanguage":"de","@id":"https:\/\/www.duschenprofis.de\/magazin\/bad-wohnlich-gestalten\/#primaryimage","url":"https:\/\/www.duschenprofis.de\/magazin\/wp-content\/uploads\/2018\/02\/bad-in-gelb.jpg","contentUrl":"https:\/\/www.duschenprofis.de\/magazin\/wp-content\/uploads\/2018\/02\/bad-in-gelb.jpg","width":600,"height":338,"caption":"Bad wohnlich gestalten"},{"@type":"BreadcrumbList","@id":"https:\/\/www.duschenprofis.de\/magazin\/bad-wohnlich-gestalten\/#breadcrumb","itemListElement":[{"@type":"ListItem","position":1,"name":"Startseite","item":"https:\/\/www.duschenprofis.de\/magazin\/"},{"@type":"ListItem","position":2,"name":"Mut zur Farbe! Julias wohnliches und originelles Badezimmer"}]},{"@type":"WebSite","@id":"https:\/\/www.duschenprofis.de\/magazin\/#website","url":"https:\/\/www.duschenprofis.de\/magazin\/","name":"Duschenprofis","description":"Neues von den Duschenprofis: Tipps und Tricks rund ums Bad, DiY und Ratgeber zur Badplanung.","potentialAction":[{"@type":"SearchAction","target":{"@type":"EntryPoint","urlTemplate":"https:\/\/www.duschenprofis.de\/magazin\/?s={search_term_string}"},"query-input":{"@type":"PropertyValueSpecification","valueRequired":true,"valueName":"search_term_string"}}],"inLanguage":"de"},{"@type":"Person","@id":"https:\/\/www.duschenprofis.de\/magazin\/#\/schema\/person\/5e10dfd59a799b37675a368453bf2ae8","name":"Duschenprofis"}]}},"lang":"de","translations":{"de":2369,"de-at":7660},"pll_sync_post":{"de":true},"_links":{"self":[{"href":"https:\/\/www.duschenprofis.de\/magazin\/wp-json\/wp\/v2\/posts\/2369","targetHints":{"allow":["GET"]}}],"collection":[{"href":"https:\/\/www.duschenprofis.de\/magazin\/wp-json\/wp\/v2\/posts"}],"about":[{"href":"https:\/\/www.duschenprofis.de\/magazin\/wp-json\/wp\/v2\/types\/post"}],"author":[{"embeddable":true,"href":"https:\/\/www.duschenprofis.de\/magazin\/wp-json\/wp\/v2\/users\/2"}],"replies":[{"embeddable":true,"href":"https:\/\/www.duschenprofis.de\/magazin\/wp-json\/wp\/v2\/comments?post=2369"}],"version-history":[{"count":7,"href":"https:\/\/www.duschenprofis.de\/magazin\/wp-json\/wp\/v2\/posts\/2369\/revisions"}],"predecessor-version":[{"id":8394,"href":"https:\/\/www.duschenprofis.de\/magazin\/wp-json\/wp\/v2\/posts\/2369\/revisions\/8394"}],"wp:featuredmedia":[{"embeddable":true,"href":"https:\/\/www.duschenprofis.de\/magazin\/wp-json\/wp\/v2\/media\/2373"}],"wp:attachment":[{"href":"https:\/\/www.duschenprofis.de\/magazin\/wp-json\/wp\/v2\/media?parent=2369"}],"wp:term":[{"taxonomy":"category","embeddable":true,"href":"https:\/\/www.duschenprofis.de\/magazin\/wp-json\/wp\/v2\/categories?post=2369"},{"taxonomy":"post_tag","embeddable":true,"href":"https:\/\/www.duschenprofis.de\/magazin\/wp-json\/wp\/v2\/tags?post=2369"}],"curies":[{"name":"wp","href":"https:\/\/api.w.org\/{rel}","templated":true}]}}