{"id":2254,"date":"2017-12-13T17:39:02","date_gmt":"2017-12-13T15:39:02","guid":{"rendered":"https:\/\/www.duschenprofis.de\/magazin\/?p=2254"},"modified":"2025-10-17T10:51:44","modified_gmt":"2025-10-17T08:51:44","slug":"elifs-wohlfuehlbad","status":"publish","type":"post","link":"https:\/\/www.duschenprofis.de\/magazin\/elifs-wohlfuehlbad\/","title":{"rendered":"Entspannung f\u00fcr K\u00f6rper &#038; Geist: Elifs Wohlf\u00fchlbad"},"content":{"rendered":"<section  class='av_textblock_section av-mfduzt0g-2953036fa700fa7311077ea5b11629dd '   itemscope=\"itemscope\" itemtype=\"https:\/\/schema.org\/BlogPosting\" itemprop=\"blogPost\" ><div class='avia_textblock'  itemprop=\"text\" ><p><img loading=\"lazy\" decoding=\"async\" class=\"alignnone size-full wp-image-2262 aligncenter\" src=\"https:\/\/www.duschenprofis.de\/magazin\/wp-content\/uploads\/2017\/12\/weisses-bad.jpg\" alt=\"Bad mit wei\u00dfen Metrofliesen\" width=\"600\" height=\"316\" srcset=\"https:\/\/www.duschenprofis.de\/magazin\/wp-content\/uploads\/2017\/12\/weisses-bad.jpg 600w, https:\/\/www.duschenprofis.de\/magazin\/wp-content\/uploads\/2017\/12\/weisses-bad-300x158.jpg 300w\" sizes=\"auto, (max-width: 600px) 100vw, 600px\" \/><\/p>\n<p><strong>Vorhang auf: Bloggerin Elif l\u00e4sst uns einen Blick in ihr sch\u00f6nes, helles Badezimmer werfen. Hier wird Entspannung gro\u00df geschrieben und mit besonderen Deko-Elementen Akzente gesetzt. Aber sehen Sie selbst!<\/strong><!--more--><\/p>\n<p>Elif vom Lifestyle-Blog Dear Karma liebt die sch\u00f6nen Dinge im Leben, seien es gutes Essen, Mode oder Reisen. Auch ihr Badezimmer spiegelt das wider.<\/p>\n<h2>Hell &amp; Trendig<\/h2>\n<p><em>\u201eHell, modern und erholsam\u201c<\/em> \u2013 diese drei W\u00f6rter fassen Elifs Bad ihrer Meinung nach am besten zusammen. Hier putzt sich die Bloggerin nicht nur die Z\u00e4hne, sondern findet auch Erholung und Entspannung nach langen Arbeitstagen.<\/p>\n<div id=\"attachment_2256\" style=\"width: 610px\" class=\"wp-caption aligncenter\"><img loading=\"lazy\" decoding=\"async\" aria-describedby=\"caption-attachment-2256\" class=\"size-full wp-image-2256\" src=\"https:\/\/www.duschenprofis.de\/magazin\/wp-content\/uploads\/2017\/12\/badezimmer-1.jpg\" alt=\"Badezimmer mit heller Ausstattung\" width=\"600\" height=\"304\" srcset=\"https:\/\/www.duschenprofis.de\/magazin\/wp-content\/uploads\/2017\/12\/badezimmer-1.jpg 600w, https:\/\/www.duschenprofis.de\/magazin\/wp-content\/uploads\/2017\/12\/badezimmer-1-300x152.jpg 300w\" sizes=\"auto, (max-width: 600px) 100vw, 600px\" \/><p id=\"caption-attachment-2256\" class=\"wp-caption-text\">Dank eines gro\u00dfen Fensters und der wei\u00dfen Fliesen ist Elifs Badezimmer ein sehr heller und freundlicher Raum.<\/p><\/div>\n<p>Besonders praktisch findet sie ihre Kombiwanne, also eine Kombination aus Badewanne und <a href=\"https:\/\/www.duschenprofis.de\/duschkabinen\/duschkabine-badewanne.html\">Dusche<\/a>:<em> \u201eNach dem Sport oder auch unter der Woche m\u00f6chte ich schnell duschen, aber am Wochenende oder in der kalten Jahreszeit bade ich auch sehr gerne.\u201c<\/em><\/p>\n<div id=\"attachment_2258\" style=\"width: 610px\" class=\"wp-caption aligncenter\"><img loading=\"lazy\" decoding=\"async\" aria-describedby=\"caption-attachment-2258\" class=\"size-full wp-image-2258\" src=\"https:\/\/www.duschenprofis.de\/magazin\/wp-content\/uploads\/2017\/12\/dusch-badewanne.jpg\" alt=\"Badewannenaufsatz aus Glas an einer Kombiwanne\" width=\"600\" height=\"338\" srcset=\"https:\/\/www.duschenprofis.de\/magazin\/wp-content\/uploads\/2017\/12\/dusch-badewanne.jpg 600w, https:\/\/www.duschenprofis.de\/magazin\/wp-content\/uploads\/2017\/12\/dusch-badewanne-300x169.jpg 300w\" sizes=\"auto, (max-width: 600px) 100vw, 600px\" \/><p id=\"caption-attachment-2258\" class=\"wp-caption-text\">Mal Dusche, mal Wanne: der <a href=\"\/duschabtrennungen\/badewannenaufsaetze.html\">Badewannenaufsatz<\/a> aus Glas macht\u2019s m\u00f6glich.<\/p><\/div>\n<p>Ein weiteres Plus in ihrem Bad sind f\u00fcr Elif die trendigen Retro-Wandfliesen: \u201e<em>Unsere Fliesen mag ich sehr, da sie nicht \u00fcber Farbe, sondern \u00fcber ihre Form einen tollen Akzent setzen.<\/em>\u201c<\/p>\n<p>Die schmalen, rechteckigen Keramikfliesen erinnern an die typischen Wandkacheln in Pariser U-Bahnh\u00f6fen \u2013 daher ihr Name \u201eMetrofliesen\u201c. Mittlerweile gelten sie als Designikonen und haben <a href=\"https:\/\/www.solebich.de\/wohnmagazin\/was-das-herz-begehrt-heute-metro-fliesen-%E2%99%A5\/3977060\">in B\u00e4dern und K\u00fcchen Einzug gehalten<\/a>. Das Sch\u00f6ne: Die Metrofliesen reflektieren dank ihrer besonderen Beschaffenheit viel Licht und lassen Elifs Badezimmer umso heller wirken.<\/p>\n<div id=\"attachment_2259\" style=\"width: 610px\" class=\"wp-caption aligncenter\"><img loading=\"lazy\" decoding=\"async\" aria-describedby=\"caption-attachment-2259\" class=\"size-full wp-image-2259\" src=\"https:\/\/www.duschenprofis.de\/magazin\/wp-content\/uploads\/2017\/12\/fliesen.jpg\" alt=\"Badezimmer mit wei\u00dfen Metrofliesen\" width=\"600\" height=\"395\" srcset=\"https:\/\/www.duschenprofis.de\/magazin\/wp-content\/uploads\/2017\/12\/fliesen.jpg 600w, https:\/\/www.duschenprofis.de\/magazin\/wp-content\/uploads\/2017\/12\/fliesen-300x198.jpg 300w\" sizes=\"auto, (max-width: 600px) 100vw, 600px\" \/><p id=\"caption-attachment-2259\" class=\"wp-caption-text\">Die plastischen Metrofliesen verleihen dem Bad \u201eIndustrial Chic\u201c.<\/p><\/div>\n<h2>Die Seele baumeln lassen: Entspannte Bad-Atmosph\u00e4re<\/h2>\n<p><em>\u201eBesonders wichtig ist mir, dass ich im Bad auch entspannen kann, daher verzichte ich auf eine grelle <\/em><a href=\"\/magazin\/fensterloses-bad-licht\/\">Beleuchtung<\/a><em> und setze auf ein warmes Licht. Ich dekoriere mein Bad zum Beispiel gerne mit Kerzen\u201c<\/em>, erz\u00e4hlt Elif.<\/p>\n<p>Um sich im Badezimmer in eine entspannte Stimmung zu versetzen, geh\u00f6rt f\u00fcr sie unbedingt ein wenig individuelle Deko dazu. \u201e<em>Ich dekoriere das Bad gerne mit pers\u00f6nlichen Elementen wie mit einem Urlaubsbild\u201c, <\/em>sagt Elif und empfiehlt:<em> \u201eUm das Bild vor Feuchtigkeit zu sch\u00fctzen am besten auf Aluplatte drucken lassen.\u201c<\/em><\/p>\n<div id=\"attachment_2257\" style=\"width: 610px\" class=\"wp-caption aligncenter\"><img loading=\"lazy\" decoding=\"async\" aria-describedby=\"caption-attachment-2257\" class=\"size-full wp-image-2257\" src=\"https:\/\/www.duschenprofis.de\/magazin\/wp-content\/uploads\/2017\/12\/deko-im-bad.jpg\" alt=\"Deko im Bad\" width=\"600\" height=\"314\" srcset=\"https:\/\/www.duschenprofis.de\/magazin\/wp-content\/uploads\/2017\/12\/deko-im-bad.jpg 600w, https:\/\/www.duschenprofis.de\/magazin\/wp-content\/uploads\/2017\/12\/deko-im-bad-300x157.jpg 300w\" sizes=\"auto, (max-width: 600px) 100vw, 600px\" \/><p id=\"caption-attachment-2257\" class=\"wp-caption-text\">Einige ausgesuchte Deko-St\u00fccke geben Elifs Bad einen pers\u00f6nlichen Touch.<\/p><\/div>\n<h3>Tipp der Duschenprofis<\/h3>\n<p>Neben Urlaubsbildern k\u00f6nnen auch nat\u00fcrliche Deko-Elemente wie Muscheln, sch\u00f6ne Steine oder Treibholz Ihrem Bad eine erholsame Atmosph\u00e4re verleihen und Sie beim Z\u00e4hneputzen oder Baden in traumhaften Erinnerungen schwelgen lassen. Einfach beim n\u00e4chsten Urlaub oder Tagesausflug die Augen offenhalten und sch\u00f6ne St\u00fccke mit nach Hause nehmen. Was sich zum Beispiel aus Treibholz machen l\u00e4sst, zeigt Ihnen <a href=\"\/magazin\/treibholz-deko-ideen-fuer-das-bad\/\">dieser Inspirationsartikel<\/a>.<\/p>\n<h2>Hamam-Feeling<\/h2>\n<p>Doch nicht nur Deko-Elemente, sondern <em>\u201eauch sch\u00f6ne Badesalze sowie besondere Handt\u00fccher verleihen jedem Bad eine pers\u00f6nliche Note\u201c<\/em>, findet Elif. Sie dekoriert ihr Bad gerne mit sch\u00f6nen Hamam-T\u00fcchern, die sie von ihren Urlauben in der T\u00fcrkei mitgebracht hat.<\/p>\n<div id=\"attachment_2260\" style=\"width: 610px\" class=\"wp-caption aligncenter\"><img loading=\"lazy\" decoding=\"async\" aria-describedby=\"caption-attachment-2260\" class=\"size-full wp-image-2260\" src=\"https:\/\/www.duschenprofis.de\/magazin\/wp-content\/uploads\/2017\/12\/hamam-handtuecher.jpg\" alt=\"Badezimmer mit Hamamt\u00fcchern\" width=\"600\" height=\"420\" srcset=\"https:\/\/www.duschenprofis.de\/magazin\/wp-content\/uploads\/2017\/12\/hamam-handtuecher.jpg 600w, https:\/\/www.duschenprofis.de\/magazin\/wp-content\/uploads\/2017\/12\/hamam-handtuecher-300x210.jpg 300w\" sizes=\"auto, (max-width: 600px) 100vw, 600px\" \/><p id=\"caption-attachment-2260\" class=\"wp-caption-text\">Die traditionellen Hamam-Handt\u00fccher sind nicht nur praktisch, sondern auch dekorativ.<\/p><\/div>\n<p>Die traditionellen Hamam-Handt\u00fccher sind nicht nur praktisch, sondern auch dekorativ.<\/p>\n<h4>Hamam-Handt\u00fccher<\/h4>\n<p>Falls Sie schon einmal im Hamam waren, haben Sie wahrscheinlich auch mit den typischen Hamam-Handt\u00fcchern Bekanntschaft gemacht: Im traditionellen t\u00fcrkischen Bad benutzt man n\u00e4mlich kein flauschiges Frotteehandtuch wie hierzulande, sondern ein Pestemal (auf T\u00fcrkisch: <em>pe\u015ftamal<\/em>): ein gro\u00dfes, d\u00fcnnes Handtuch aus Baumwolle. Sein Vorteil: Es ist besonders leicht, weich, sehr saugf\u00e4hig und trocknet au\u00dferdem schnell.<\/p>\n<div id=\"attachment_2261\" style=\"width: 599px\" class=\"wp-caption aligncenter\"><img loading=\"lazy\" decoding=\"async\" aria-describedby=\"caption-attachment-2261\" class=\" wp-image-2261\" src=\"https:\/\/www.duschenprofis.de\/magazin\/wp-content\/uploads\/2017\/12\/hamam-utensilien.jpg\" alt=\"Hamam-Handt\u00fccher und andere Utensilien im t\u00fcrkischen Bad\" width=\"589\" height=\"410\" srcset=\"https:\/\/www.duschenprofis.de\/magazin\/wp-content\/uploads\/2017\/12\/hamam-utensilien.jpg 600w, https:\/\/www.duschenprofis.de\/magazin\/wp-content\/uploads\/2017\/12\/hamam-utensilien-300x209.jpg 300w\" sizes=\"auto, (max-width: 589px) 100vw, 589px\" \/><p id=\"caption-attachment-2261\" class=\"wp-caption-text\">Wer in den Hamam geht, bekommt traditionsgem\u00e4\u00df ein gro\u00dfes Baumwolltuch.<\/p><\/div>\n<p>Im Hamam geh\u00f6rt das Pestemal zur Grundausstattung, das der Gast zusammen mit einem St\u00fcck Seife und der Hamam-Schale (<em>Tas<\/em>) zu Beginn des Bades bekommt. Das Hamam-Handtuch dient dabei nicht nur zum Abtrocknen: Man kann es auch als Ersatz f\u00fcr einen Bademantel oder eine Decke verwenden und sich darin einh\u00fcllen.<\/p>\n<p><strong>Wir bedanken uns bei Elif sehr herzlich f\u00fcr die Einblicke in ihre pers\u00f6nliche Wohlf\u00fchloase!<\/strong><\/p>\n<h4>Elif von Dear Karma<\/h4>\n<p>Die Wahlm\u00fcnchnerin Elif liebt Mode- und Interiorblogs, Reisen, gute B\u00fccher und gutes Essen. Diesen Themen widmet sich auch ihr Blog &#8222;Dear Karma&#8220;. Zu ihren Lieblingsorten geh\u00f6rt unter anderem die t\u00fcrkische Stadt Antalya \u2013 dort besucht sie nicht nur regelm\u00e4\u00dfig Verwandte, sondern geht auch gerne zum Entspannen in einen Hamam. An ihrem Badezimmer sch\u00e4tzt Elif am meisten ihre <em>\u201eger\u00e4umige Badewannen-<a href=\"\/duschkabinen.html\">Duschkabine<\/a>, da ich sowohl gerne dusche, als auch \u2013 vor allem im Winter \u2013 sehr gerne bade.\u201c<\/em><\/p>\n<p>Wenn Sie noch weitere individuelle Badezimmer kennenlernen wollen, dann schauen Sie unbedingt in unserer Rubrik \u201e<a href=\"http:\/\/www.duschenprofis.de\/magazin\/gestalten\/\">Gestalten<\/a>\u201c vorbei: Hier ver\u00f6ffentlichen wir regelm\u00e4\u00dfig Interviews mit Menschen, die ihre Badezimmert\u00fcr f\u00fcr uns \u00f6ffnen und von ihren B\u00e4dern erz\u00e4hlen.<\/p>\n<p>Und wenn Sie selbst Ihr Bad in einen echten Erholungsort verwandeln wollen, liefern Ihnen vielleicht diese Beitr\u00e4ge die passenden Inspirationen:<\/p>\n<ul>\n<li><a href=\"\/magazin\/regendusche-nachruesten\/\">Do it Yourself: Regendusche nachr\u00fcsten \u2013 so geht\u2019s<\/a><\/li>\n<li><a href=\"\/magazin\/motive-duschrueckwand\/\">Nie wieder Langeweile beim Duschen: 6 Motiv-Inspirationen f\u00fcr Ihre Duschr\u00fcckwand<\/a><\/li>\n<li><a href=\"\/magazin\/badgestaltung\/\">Badgestaltung: So planen Sie Ihr neues Wohlf\u00fchlbad<\/a><\/li>\n<\/ul>\n<p><small>Bilder: Bild 1-6: \u00a9 <a href=\"http:\/\/karma.dti-online.de\/\">Dear Karma<\/a>; Bild 7: \u00a9 iStock \/ Getty Images Plus\/ Tolga TEZCAN<\/small><\/p>\n<\/div><\/section>\n","protected":false},"excerpt":{"rendered":"<p>Vorhang auf f\u00fcr Elifs Badezimmer. Hier wird Entspannung gro\u00df geschrieben und mit besonderen Deko-Elementen Akzente gesetzt. Sehen Sie selbst!<\/p>\n","protected":false},"author":2,"featured_media":2262,"comment_status":"open","ping_status":"closed","sticky":false,"template":"","format":"standard","meta":{"footnotes":""},"categories":[4],"tags":[22],"class_list":["post-2254","post","type-post","status-publish","format-standard","has-post-thumbnail","hentry","category-gestalten","tag-wellness-bad"],"yoast_head":"<!-- This site is optimized with the Yoast SEO plugin v27.5 - https:\/\/yoast.com\/product\/yoast-seo-wordpress\/ -->\n<title>Perfekt zum Entspannen: So sch\u00f6n ist Elifs Bad<\/title>\n<meta name=\"description\" content=\"Kommen Sie mit &amp; werfen Sie einen Blick in Elifs h\u00fcbsches Bad mit wei\u00dfen Metrofliesen &amp; individueller Bad-Deko wie Hamam-T\u00fccher.\" \/>\n<meta name=\"robots\" content=\"index, follow, max-snippet:-1, max-image-preview:large, max-video-preview:-1\" \/>\n<link rel=\"canonical\" href=\"https:\/\/www.duschenprofis.de\/magazin\/elifs-wohlfuehlbad\/\" \/>\n<meta property=\"og:locale\" content=\"de_DE\" \/>\n<meta property=\"og:type\" content=\"article\" \/>\n<meta property=\"og:title\" content=\"Perfekt zum Entspannen: So sch\u00f6n ist Elifs helles Badezimmer\" \/>\n<meta property=\"og:description\" content=\"Kommen Sie mit &amp; werfen Sie einen Blick in Elifs h\u00fcbsches Bad mit wei\u00dfen Metrofliesen &amp; individueller Bad-Deko wie Hamam-T\u00fccher.\" \/>\n<meta property=\"og:url\" content=\"https:\/\/www.duschenprofis.de\/magazin\/elifs-wohlfuehlbad\/\" \/>\n<meta property=\"og:site_name\" content=\"Duschenprofis\" \/>\n<meta property=\"article:publisher\" content=\"https:\/\/www.facebook.com\/duschenprofis\/\" \/>\n<meta property=\"article:published_time\" content=\"2017-12-13T15:39:02+00:00\" \/>\n<meta property=\"article:modified_time\" content=\"2025-10-17T08:51:44+00:00\" \/>\n<meta property=\"og:image\" content=\"https:\/\/www.duschenprofis.de\/magazin\/wp-content\/uploads\/2017\/12\/weisses-bad.jpg\" \/>\n\t<meta property=\"og:image:width\" content=\"600\" \/>\n\t<meta property=\"og:image:height\" content=\"316\" \/>\n\t<meta property=\"og:image:type\" content=\"image\/jpeg\" \/>\n<meta name=\"author\" content=\"Duschenprofis\" \/>\n<meta name=\"twitter:card\" content=\"summary_large_image\" \/>\n<meta name=\"twitter:label1\" content=\"Verfasst von\" \/>\n\t<meta name=\"twitter:data1\" content=\"Duschenprofis\" \/>\n\t<meta name=\"twitter:label2\" content=\"Gesch\u00e4tzte Lesezeit\" \/>\n\t<meta name=\"twitter:data2\" content=\"6\u00a0Minuten\" \/>\n<script type=\"application\/ld+json\" class=\"yoast-schema-graph\">{\"@context\":\"https:\\\/\\\/schema.org\",\"@graph\":[{\"@type\":\"Article\",\"@id\":\"https:\\\/\\\/www.duschenprofis.de\\\/magazin\\\/elifs-wohlfuehlbad\\\/#article\",\"isPartOf\":{\"@id\":\"https:\\\/\\\/www.duschenprofis.de\\\/magazin\\\/elifs-wohlfuehlbad\\\/\"},\"author\":{\"name\":\"Duschenprofis\",\"@id\":\"https:\\\/\\\/www.duschenprofis.de\\\/magazin\\\/#\\\/schema\\\/person\\\/5e10dfd59a799b37675a368453bf2ae8\"},\"headline\":\"Entspannung f\u00fcr K\u00f6rper &#038; Geist: Elifs Wohlf\u00fchlbad\",\"datePublished\":\"2017-12-13T15:39:02+00:00\",\"dateModified\":\"2025-10-17T08:51:44+00:00\",\"mainEntityOfPage\":{\"@id\":\"https:\\\/\\\/www.duschenprofis.de\\\/magazin\\\/elifs-wohlfuehlbad\\\/\"},\"wordCount\":960,\"commentCount\":0,\"image\":{\"@id\":\"https:\\\/\\\/www.duschenprofis.de\\\/magazin\\\/elifs-wohlfuehlbad\\\/#primaryimage\"},\"thumbnailUrl\":\"https:\\\/\\\/www.duschenprofis.de\\\/magazin\\\/wp-content\\\/uploads\\\/2017\\\/12\\\/weisses-bad.jpg\",\"keywords\":[\"Wellness Bad\"],\"articleSection\":[\"Gestalten\"],\"inLanguage\":\"de\",\"potentialAction\":[{\"@type\":\"CommentAction\",\"name\":\"Comment\",\"target\":[\"https:\\\/\\\/www.duschenprofis.de\\\/magazin\\\/elifs-wohlfuehlbad\\\/#respond\"]}]},{\"@type\":\"WebPage\",\"@id\":\"https:\\\/\\\/www.duschenprofis.de\\\/magazin\\\/elifs-wohlfuehlbad\\\/\",\"url\":\"https:\\\/\\\/www.duschenprofis.de\\\/magazin\\\/elifs-wohlfuehlbad\\\/\",\"name\":\"Perfekt zum Entspannen: So sch\u00f6n ist Elifs Bad\",\"isPartOf\":{\"@id\":\"https:\\\/\\\/www.duschenprofis.de\\\/magazin\\\/#website\"},\"primaryImageOfPage\":{\"@id\":\"https:\\\/\\\/www.duschenprofis.de\\\/magazin\\\/elifs-wohlfuehlbad\\\/#primaryimage\"},\"image\":{\"@id\":\"https:\\\/\\\/www.duschenprofis.de\\\/magazin\\\/elifs-wohlfuehlbad\\\/#primaryimage\"},\"thumbnailUrl\":\"https:\\\/\\\/www.duschenprofis.de\\\/magazin\\\/wp-content\\\/uploads\\\/2017\\\/12\\\/weisses-bad.jpg\",\"datePublished\":\"2017-12-13T15:39:02+00:00\",\"dateModified\":\"2025-10-17T08:51:44+00:00\",\"author\":{\"@id\":\"https:\\\/\\\/www.duschenprofis.de\\\/magazin\\\/#\\\/schema\\\/person\\\/5e10dfd59a799b37675a368453bf2ae8\"},\"description\":\"Kommen Sie mit & werfen Sie einen Blick in Elifs h\u00fcbsches Bad mit wei\u00dfen Metrofliesen & individueller Bad-Deko wie Hamam-T\u00fccher.\",\"breadcrumb\":{\"@id\":\"https:\\\/\\\/www.duschenprofis.de\\\/magazin\\\/elifs-wohlfuehlbad\\\/#breadcrumb\"},\"inLanguage\":\"de\",\"potentialAction\":[{\"@type\":\"ReadAction\",\"target\":[\"https:\\\/\\\/www.duschenprofis.de\\\/magazin\\\/elifs-wohlfuehlbad\\\/\"]}]},{\"@type\":\"ImageObject\",\"inLanguage\":\"de\",\"@id\":\"https:\\\/\\\/www.duschenprofis.de\\\/magazin\\\/elifs-wohlfuehlbad\\\/#primaryimage\",\"url\":\"https:\\\/\\\/www.duschenprofis.de\\\/magazin\\\/wp-content\\\/uploads\\\/2017\\\/12\\\/weisses-bad.jpg\",\"contentUrl\":\"https:\\\/\\\/www.duschenprofis.de\\\/magazin\\\/wp-content\\\/uploads\\\/2017\\\/12\\\/weisses-bad.jpg\",\"width\":600,\"height\":316,\"caption\":\"Bad mit wei\u00dfen Metrofliesen\"},{\"@type\":\"BreadcrumbList\",\"@id\":\"https:\\\/\\\/www.duschenprofis.de\\\/magazin\\\/elifs-wohlfuehlbad\\\/#breadcrumb\",\"itemListElement\":[{\"@type\":\"ListItem\",\"position\":1,\"name\":\"Startseite\",\"item\":\"https:\\\/\\\/www.duschenprofis.de\\\/magazin\\\/\"},{\"@type\":\"ListItem\",\"position\":2,\"name\":\"Entspannung f\u00fcr K\u00f6rper &#038; Geist: Elifs Wohlf\u00fchlbad\"}]},{\"@type\":\"WebSite\",\"@id\":\"https:\\\/\\\/www.duschenprofis.de\\\/magazin\\\/#website\",\"url\":\"https:\\\/\\\/www.duschenprofis.de\\\/magazin\\\/\",\"name\":\"Duschenprofis\",\"description\":\"Neues von den Duschenprofis: Tipps und Tricks rund ums Bad, DiY und Ratgeber zur Badplanung.\",\"potentialAction\":[{\"@type\":\"SearchAction\",\"target\":{\"@type\":\"EntryPoint\",\"urlTemplate\":\"https:\\\/\\\/www.duschenprofis.de\\\/magazin\\\/?s={search_term_string}\"},\"query-input\":{\"@type\":\"PropertyValueSpecification\",\"valueRequired\":true,\"valueName\":\"search_term_string\"}}],\"inLanguage\":\"de\"},{\"@type\":\"Person\",\"@id\":\"https:\\\/\\\/www.duschenprofis.de\\\/magazin\\\/#\\\/schema\\\/person\\\/5e10dfd59a799b37675a368453bf2ae8\",\"name\":\"Duschenprofis\"}]}<\/script>\n<!-- \/ Yoast SEO plugin. -->","yoast_head_json":{"title":"Perfekt zum Entspannen: So sch\u00f6n ist Elifs Bad","description":"Kommen Sie mit & werfen Sie einen Blick in Elifs h\u00fcbsches Bad mit wei\u00dfen Metrofliesen & individueller Bad-Deko wie Hamam-T\u00fccher.","robots":{"index":"index","follow":"follow","max-snippet":"max-snippet:-1","max-image-preview":"max-image-preview:large","max-video-preview":"max-video-preview:-1"},"canonical":"https:\/\/www.duschenprofis.de\/magazin\/elifs-wohlfuehlbad\/","og_locale":"de_DE","og_type":"article","og_title":"Perfekt zum Entspannen: So sch\u00f6n ist Elifs helles Badezimmer","og_description":"Kommen Sie mit & werfen Sie einen Blick in Elifs h\u00fcbsches Bad mit wei\u00dfen Metrofliesen & individueller Bad-Deko wie Hamam-T\u00fccher.","og_url":"https:\/\/www.duschenprofis.de\/magazin\/elifs-wohlfuehlbad\/","og_site_name":"Duschenprofis","article_publisher":"https:\/\/www.facebook.com\/duschenprofis\/","article_published_time":"2017-12-13T15:39:02+00:00","article_modified_time":"2025-10-17T08:51:44+00:00","og_image":[{"width":600,"height":316,"url":"https:\/\/www.duschenprofis.de\/magazin\/wp-content\/uploads\/2017\/12\/weisses-bad.jpg","type":"image\/jpeg"}],"author":"Duschenprofis","twitter_card":"summary_large_image","twitter_misc":{"Verfasst von":"Duschenprofis","Gesch\u00e4tzte Lesezeit":"6\u00a0Minuten"},"schema":{"@context":"https:\/\/schema.org","@graph":[{"@type":"Article","@id":"https:\/\/www.duschenprofis.de\/magazin\/elifs-wohlfuehlbad\/#article","isPartOf":{"@id":"https:\/\/www.duschenprofis.de\/magazin\/elifs-wohlfuehlbad\/"},"author":{"name":"Duschenprofis","@id":"https:\/\/www.duschenprofis.de\/magazin\/#\/schema\/person\/5e10dfd59a799b37675a368453bf2ae8"},"headline":"Entspannung f\u00fcr K\u00f6rper &#038; Geist: Elifs Wohlf\u00fchlbad","datePublished":"2017-12-13T15:39:02+00:00","dateModified":"2025-10-17T08:51:44+00:00","mainEntityOfPage":{"@id":"https:\/\/www.duschenprofis.de\/magazin\/elifs-wohlfuehlbad\/"},"wordCount":960,"commentCount":0,"image":{"@id":"https:\/\/www.duschenprofis.de\/magazin\/elifs-wohlfuehlbad\/#primaryimage"},"thumbnailUrl":"https:\/\/www.duschenprofis.de\/magazin\/wp-content\/uploads\/2017\/12\/weisses-bad.jpg","keywords":["Wellness Bad"],"articleSection":["Gestalten"],"inLanguage":"de","potentialAction":[{"@type":"CommentAction","name":"Comment","target":["https:\/\/www.duschenprofis.de\/magazin\/elifs-wohlfuehlbad\/#respond"]}]},{"@type":"WebPage","@id":"https:\/\/www.duschenprofis.de\/magazin\/elifs-wohlfuehlbad\/","url":"https:\/\/www.duschenprofis.de\/magazin\/elifs-wohlfuehlbad\/","name":"Perfekt zum Entspannen: So sch\u00f6n ist Elifs Bad","isPartOf":{"@id":"https:\/\/www.duschenprofis.de\/magazin\/#website"},"primaryImageOfPage":{"@id":"https:\/\/www.duschenprofis.de\/magazin\/elifs-wohlfuehlbad\/#primaryimage"},"image":{"@id":"https:\/\/www.duschenprofis.de\/magazin\/elifs-wohlfuehlbad\/#primaryimage"},"thumbnailUrl":"https:\/\/www.duschenprofis.de\/magazin\/wp-content\/uploads\/2017\/12\/weisses-bad.jpg","datePublished":"2017-12-13T15:39:02+00:00","dateModified":"2025-10-17T08:51:44+00:00","author":{"@id":"https:\/\/www.duschenprofis.de\/magazin\/#\/schema\/person\/5e10dfd59a799b37675a368453bf2ae8"},"description":"Kommen Sie mit & werfen Sie einen Blick in Elifs h\u00fcbsches Bad mit wei\u00dfen Metrofliesen & individueller Bad-Deko wie Hamam-T\u00fccher.","breadcrumb":{"@id":"https:\/\/www.duschenprofis.de\/magazin\/elifs-wohlfuehlbad\/#breadcrumb"},"inLanguage":"de","potentialAction":[{"@type":"ReadAction","target":["https:\/\/www.duschenprofis.de\/magazin\/elifs-wohlfuehlbad\/"]}]},{"@type":"ImageObject","inLanguage":"de","@id":"https:\/\/www.duschenprofis.de\/magazin\/elifs-wohlfuehlbad\/#primaryimage","url":"https:\/\/www.duschenprofis.de\/magazin\/wp-content\/uploads\/2017\/12\/weisses-bad.jpg","contentUrl":"https:\/\/www.duschenprofis.de\/magazin\/wp-content\/uploads\/2017\/12\/weisses-bad.jpg","width":600,"height":316,"caption":"Bad mit wei\u00dfen Metrofliesen"},{"@type":"BreadcrumbList","@id":"https:\/\/www.duschenprofis.de\/magazin\/elifs-wohlfuehlbad\/#breadcrumb","itemListElement":[{"@type":"ListItem","position":1,"name":"Startseite","item":"https:\/\/www.duschenprofis.de\/magazin\/"},{"@type":"ListItem","position":2,"name":"Entspannung f\u00fcr K\u00f6rper &#038; Geist: Elifs Wohlf\u00fchlbad"}]},{"@type":"WebSite","@id":"https:\/\/www.duschenprofis.de\/magazin\/#website","url":"https:\/\/www.duschenprofis.de\/magazin\/","name":"Duschenprofis","description":"Neues von den Duschenprofis: Tipps und Tricks rund ums Bad, DiY und Ratgeber zur Badplanung.","potentialAction":[{"@type":"SearchAction","target":{"@type":"EntryPoint","urlTemplate":"https:\/\/www.duschenprofis.de\/magazin\/?s={search_term_string}"},"query-input":{"@type":"PropertyValueSpecification","valueRequired":true,"valueName":"search_term_string"}}],"inLanguage":"de"},{"@type":"Person","@id":"https:\/\/www.duschenprofis.de\/magazin\/#\/schema\/person\/5e10dfd59a799b37675a368453bf2ae8","name":"Duschenprofis"}]}},"lang":"de","translations":{"de":2254,"de-at":7667},"pll_sync_post":{"de":true},"_links":{"self":[{"href":"https:\/\/www.duschenprofis.de\/magazin\/wp-json\/wp\/v2\/posts\/2254","targetHints":{"allow":["GET"]}}],"collection":[{"href":"https:\/\/www.duschenprofis.de\/magazin\/wp-json\/wp\/v2\/posts"}],"about":[{"href":"https:\/\/www.duschenprofis.de\/magazin\/wp-json\/wp\/v2\/types\/post"}],"author":[{"embeddable":true,"href":"https:\/\/www.duschenprofis.de\/magazin\/wp-json\/wp\/v2\/users\/2"}],"replies":[{"embeddable":true,"href":"https:\/\/www.duschenprofis.de\/magazin\/wp-json\/wp\/v2\/comments?post=2254"}],"version-history":[{"count":8,"href":"https:\/\/www.duschenprofis.de\/magazin\/wp-json\/wp\/v2\/posts\/2254\/revisions"}],"predecessor-version":[{"id":8157,"href":"https:\/\/www.duschenprofis.de\/magazin\/wp-json\/wp\/v2\/posts\/2254\/revisions\/8157"}],"wp:featuredmedia":[{"embeddable":true,"href":"https:\/\/www.duschenprofis.de\/magazin\/wp-json\/wp\/v2\/media\/2262"}],"wp:attachment":[{"href":"https:\/\/www.duschenprofis.de\/magazin\/wp-json\/wp\/v2\/media?parent=2254"}],"wp:term":[{"taxonomy":"category","embeddable":true,"href":"https:\/\/www.duschenprofis.de\/magazin\/wp-json\/wp\/v2\/categories?post=2254"},{"taxonomy":"post_tag","embeddable":true,"href":"https:\/\/www.duschenprofis.de\/magazin\/wp-json\/wp\/v2\/tags?post=2254"}],"curies":[{"name":"wp","href":"https:\/\/api.w.org\/{rel}","templated":true}]}}