{"id":2098,"date":"2017-11-15T14:54:43","date_gmt":"2017-11-15T12:54:43","guid":{"rendered":"https:\/\/www.duschenprofis.de\/magazin\/?p=2098"},"modified":"2025-10-09T16:27:20","modified_gmt":"2025-10-09T14:27:20","slug":"yvonnes-kreatives-bad","status":"publish","type":"post","link":"https:\/\/www.duschenprofis.de\/magazin\/yvonnes-kreatives-bad\/","title":{"rendered":"Ein bisschen Luxus, ein bisschen Natur: Yvonnes gem\u00fctliches Wohlf\u00fchlbad"},"content":{"rendered":"<section  class='av_textblock_section av-me9xrac1-57478f3e2baed357f4fefd1db56282b1 '   itemscope=\"itemscope\" itemtype=\"https:\/\/schema.org\/BlogPosting\" itemprop=\"blogPost\" ><div class='avia_textblock'  itemprop=\"text\" ><p><img loading=\"lazy\" decoding=\"async\" class=\"alignnone size-full wp-image-2100 aligncenter\" src=\"https:\/\/www.duschenprofis.de\/magazin\/wp-content\/uploads\/2017\/11\/baddeko.jpg\" alt=\"Individuelle Badezimmerdeko\" width=\"600\" height=\"354\" srcset=\"https:\/\/www.duschenprofis.de\/magazin\/wp-content\/uploads\/2017\/11\/baddeko.jpg 600w, https:\/\/www.duschenprofis.de\/magazin\/wp-content\/uploads\/2017\/11\/baddeko-300x177.jpg 300w\" sizes=\"auto, (max-width: 600px) 100vw, 600px\" \/><\/p>\n<p><strong>Finden Sie es auch so spannend zu sehen, wie andere Menschen ihr Zuhause einrichten? In unserer neuen Serie \u201eMein Bad\u201c lassen uns Blogger in ihre Badezimmer blicken und erz\u00e4hlen, was ihnen dort besonders wichtig ist. Den Auftakt macht die Schweizerin Yvonne vom sch\u00f6nen Blog Happy Sonne und zeigt uns ihre ganz individuelle und nat\u00fcrliche Bad-Deko.<\/strong><\/p>\n<p><!--more--><\/p>\n<h2>Ein zweckm\u00e4\u00dfiger Wohlf\u00fchlort<\/h2>\n<p><em>\u201eKlein, hell<\/em><em>, zweckm\u00e4\u00dfig eingerichtet, nicht \u00fcberladen. Aber ein bisschen Deko geh\u00f6rt auch ins Bad\u201c<\/em> \u2013 so beschreibt Yvonne ihr Badezimmer.<\/p>\n<p>Das Highlight in ihrem Bad ist f\u00fcr die Bloggerin <em>\u201e<\/em><em>ganz klar unsere Whirlpool-Badewanne\u201c<\/em>. In dieser l\u00e4sst es sich herrlich entspannen: <em>\u201e<\/em><em>Ab und zu mal am Abend oder an einem kalten Winter-Sonntagnachmittag genie\u00dfe ich gerne ein ausgiebiges Bad\u201c,<\/em> erz\u00e4hlt Yvonne. Ansonsten ist ihr die <a href=\"https:\/\/www.duschenprofis.de\/bodengleiche-duschen.html\">Dusche<\/a> lieber, denn <em>\u201e<\/em><em>grunds\u00e4tzlich muss es bei mir schnell gehen\u201c<\/em>.<\/p>\n<p>Neben ihrer Whirlpool-Badewanne ist f\u00fcr die Schweizerin die <a href=\"https:\/\/www.duschenprofis.de\/magazin\/lichtkonzepte-fuers-bad\/\">Beleuchtung<\/a> in ihrem Bad ein besonders wichtiges Element, denn sie findet, im Bad soll es hell sein.<\/p>\n<h2>F\u00fcr die Gem\u00fctlichkeit: Yvonnes kreative Bad-Dekoration<\/h2>\n<p>Auch wenn im Alltag Zweckm\u00e4\u00dfigkeit wichtig ist, soll das Badezimmer auch ein Ort sein, der zum Verweilen einl\u00e4dt und in dem man sich wohlf\u00fchlt. Daher findet Yvonne: <em>\u201e<\/em><em>Zur gem\u00fctlichen Ausstattung geh\u00f6rt ein bisschen Deko. \u201c<\/em><\/p>\n<p>Wir wollen nat\u00fcrlich wissen, wie ihre Bad-Deko aussieht und was dabei ihre Lieblingsst\u00fccke sind.<\/p>\n<h3>Lieblingsst\u00fccke<\/h3>\n<p><em>\u201e<\/em><em>Da wir l\u00e4ndlich wohnen und mein Einrichtungsstil eher rustikal ist, mag ich mein kleines Bild mit der idyllischen Landschaft ganz besonders. Es h\u00e4ngt im Badezimmer\u201c<\/em><em>, erz\u00e4hlt die kreative Bloggerin. \u201e<\/em><em>20 Jahre lang habe ich Bilder gemalt \u2013 Bauernmalerei nennt man dies. Leider fehlt mir heute die Zeit, f\u00fcr dieses doch sehr aufwendige Handwerk.\u201c<\/em><\/p>\n<div id=\"attachment_2099\" style=\"width: 610px\" class=\"wp-caption alignnone\"><img loading=\"lazy\" decoding=\"async\" aria-describedby=\"caption-attachment-2099\" class=\"size-full wp-image-2099\" src=\"https:\/\/www.duschenprofis.de\/magazin\/wp-content\/uploads\/2017\/11\/badbild.jpg\" alt=\"Bauernmalerei auf Holz\" width=\"600\" height=\"438\" srcset=\"https:\/\/www.duschenprofis.de\/magazin\/wp-content\/uploads\/2017\/11\/badbild.jpg 600w, https:\/\/www.duschenprofis.de\/magazin\/wp-content\/uploads\/2017\/11\/badbild-300x219.jpg 300w\" sizes=\"auto, (max-width: 600px) 100vw, 600px\" \/><p id=\"caption-attachment-2099\" class=\"wp-caption-text\">Bezaubernd: Dieses l\u00e4ndliche Idyll im Stil der naiven Malerei hat Yvonne selbst gemalt.<\/p><\/div>\n<p><em>\u201e<\/em><em>Den Spruch von Erasmus von Rotterdam an meinem Spiegel mag ich ebenfalls: \u2018Die h\u00f6chste Form des Gl\u00fccks ist ein Leben mit einem gewissen Grad an Verr\u00fccktheit.\u2019 Der Spruch passt zu mir, er ist mein Spiegelbild. Deshalb habe ich ihn ja auch an meinem Spiegel im Bad angebracht.\u201c<\/em><\/p>\n<div id=\"attachment_2101\" style=\"width: 612px\" class=\"wp-caption alignnone\"><img loading=\"lazy\" decoding=\"async\" aria-describedby=\"caption-attachment-2101\" class=\"wp-image-2101 \" src=\"https:\/\/www.duschenprofis.de\/magazin\/wp-content\/uploads\/2017\/11\/badspruch-deko-e1509727710728.png\" alt=\"Spruchkarte am Badspiegel\" width=\"602\" height=\"385\" srcset=\"https:\/\/www.duschenprofis.de\/magazin\/wp-content\/uploads\/2017\/11\/badspruch-deko-e1509727710728.png 583w, https:\/\/www.duschenprofis.de\/magazin\/wp-content\/uploads\/2017\/11\/badspruch-deko-e1509727710728-300x192.png 300w\" sizes=\"auto, (max-width: 602px) 100vw, 602px\" \/><p id=\"caption-attachment-2101\" class=\"wp-caption-text\">Ein sympathischer Badgef\u00e4hrte.<\/p><\/div>\n<h3>Deko-Materialien aus der Natur<\/h3>\n<p>Yvonne ist in der sch\u00f6nen Ostschweiz zuhause. Auf ihren Spazierg\u00e4ngen in der Natur findet Yvonne immer wieder die passenden Materialien, um besondere Deko zu basteln \u2013 zum Beispiel Schwemmholz.<\/p>\n<p>Aus Schwemmholzst\u00fccken und kleinen Glasflaschen hat sie ihren einzigartigen Zahnb\u00fcrstenhalter gebastelt.<\/p>\n<div id=\"attachment_2110\" style=\"width: 657px\" class=\"wp-caption alignnone\"><img loading=\"lazy\" decoding=\"async\" aria-describedby=\"caption-attachment-2110\" class=\" wp-image-2110\" src=\"https:\/\/www.duschenprofis.de\/magazin\/wp-content\/uploads\/2017\/11\/Zahnbuerstenhalter-aus-Treibholz.jpg\" alt=\"Beh\u00e4lter f\u00fcr Zahnb\u00fcrsten aus Treibholz und kleinen Flaschen\" width=\"647\" height=\"496\" srcset=\"https:\/\/www.duschenprofis.de\/magazin\/wp-content\/uploads\/2017\/11\/Zahnbuerstenhalter-aus-Treibholz.jpg 600w, https:\/\/www.duschenprofis.de\/magazin\/wp-content\/uploads\/2017\/11\/Zahnbuerstenhalter-aus-Treibholz-300x230.jpg 300w\" sizes=\"auto, (max-width: 647px) 100vw, 647px\" \/><p id=\"caption-attachment-2110\" class=\"wp-caption-text\">Es muss nicht immer ein Plastikbecher sein \u2013 in Yvonnes Bad sieht auch der Zahnb\u00fcrstenhalter ganz dekorativ aus.<\/p><\/div>\n<p>Auch f\u00fcr B\u00fcrsten und andere Utensilien hat Yvonne ein originelles Beh\u00e4ltnis gezaubert:<\/p>\n<div id=\"attachment_1178\" style=\"width: 653px\" class=\"wp-caption alignnone\"><img loading=\"lazy\" decoding=\"async\" aria-describedby=\"caption-attachment-1178\" class=\" wp-image-1178\" src=\"https:\/\/www.duschenprofis.de\/magazin\/wp-content\/uploads\/2016\/08\/Utensilo-Treibholz.jpg\" alt=\"Aufbewahrung f\u00fcr Bad-Utensilien\" width=\"643\" height=\"485\" srcset=\"https:\/\/www.duschenprofis.de\/magazin\/wp-content\/uploads\/2016\/08\/Utensilo-Treibholz.jpg 795w, https:\/\/www.duschenprofis.de\/magazin\/wp-content\/uploads\/2016\/08\/Utensilo-Treibholz-300x226.jpg 300w, https:\/\/www.duschenprofis.de\/magazin\/wp-content\/uploads\/2016\/08\/Utensilo-Treibholz-768x580.jpg 768w, https:\/\/www.duschenprofis.de\/magazin\/wp-content\/uploads\/2016\/08\/Utensilo-Treibholz-705x532.jpg 705w\" sizes=\"auto, (max-width: 643px) 100vw, 643px\" \/><p id=\"caption-attachment-1178\" class=\"wp-caption-text\">Ein Utensilo aus Treibholz: Praktisch und dekorativ zugleich!<\/p><\/div>\n<p>F\u00fcr gem\u00fctliche Stimmung im Bad sorgen Yvonnes Teelichter auf einem schmucken Treibholzst\u00fcck:<\/p>\n<div id=\"attachment_1175\" style=\"width: 658px\" class=\"wp-caption alignnone\"><img loading=\"lazy\" decoding=\"async\" aria-describedby=\"caption-attachment-1175\" class=\"wp-image-1175 \" src=\"https:\/\/www.duschenprofis.de\/magazin\/wp-content\/uploads\/2016\/08\/Treibholz-Teelicht.jpg\" alt=\"Treibholzbrett mit Teelichtern\" width=\"648\" height=\"407\" srcset=\"https:\/\/www.duschenprofis.de\/magazin\/wp-content\/uploads\/2016\/08\/Treibholz-Teelicht.jpg 800w, https:\/\/www.duschenprofis.de\/magazin\/wp-content\/uploads\/2016\/08\/Treibholz-Teelicht-300x189.jpg 300w, https:\/\/www.duschenprofis.de\/magazin\/wp-content\/uploads\/2016\/08\/Treibholz-Teelicht-768x483.jpg 768w, https:\/\/www.duschenprofis.de\/magazin\/wp-content\/uploads\/2016\/08\/Treibholz-Teelicht-705x443.jpg 705w\" sizes=\"auto, (max-width: 648px) 100vw, 648px\" \/><p id=\"caption-attachment-1175\" class=\"wp-caption-text\">Aus einem St\u00fcck Schwemmholz wird ganz m\u00fchelos ein h\u00fcbscher Teelichthalter.<\/p><\/div>\n<p>Was die Bloggerin so alles aus Treibholz bastelt, zeigt sie zum Beispiel <a href=\"http:\/\/happy-sonne.blogspot.de\/2011\/06\/schwemmholz-vom-bodensee.html\">hier<\/a>.<\/p>\n<p>In unserem Artikel <a href=\"https:\/\/www.duschenprofis.de\/magazin\/treibholz-deko-ideen-fuer-das-bad\/\">Wundersch\u00f6ne Treibholz-Inspirationen f\u00fcr Ihr Bad<\/a> hatten wir ihre sch\u00f6nen Basteleien aus Treibholz bereits vorgestellt. Schauen Sie doch mal rein und lassen Sie sich inspirieren!<\/p>\n<p><strong>Yvonne von Happy Sonne<\/strong><\/p>\n<p>Yvonne wohnt mit ihrer Familie auf dem Land in der sch\u00f6nen Ostschweiz. Auf ihrem Blog <a href=\"http:\/\/happy-sonne.blogspot.de\/\">Happy Sonne<\/a> schreibt sie seit sechs Jahren \u00fcber ihr Zuhause, die Natur und ihren Garten. Mit ihren kreativen Basteleien und Dekorationsideen war sie auch schon in zahlreichen Magazinen vertreten, wie <em>Freude am Garten<\/em>, <em>StadtLandFlair<\/em> oder <em>Mein sch\u00f6ner Garten<\/em>.<\/p>\n<p><small>Bilder: \u00a9 http:\/\/happy-sonne.blogspot.de\u00a0<\/small><\/p>\n<p><span style=\"border-radius: 2px; text-indent: 20px; width: auto; padding: 0px 4px 0px 0px; text-align: center; font: bold 11px\/20px 'Helvetica Neue',Helvetica,sans-serif; color: #ffffff; background: #bd081c no-repeat scroll 3px 50% \/ 14px 14px; position: absolute; opacity: 1; z-index: 8675309; display: none; cursor: pointer;\">Merken<\/span><\/p>\n<\/div><\/section>\n","protected":false},"excerpt":{"rendered":"<p>Hier zeigt die Schweizerin Yvonne vom sch\u00f6nen Blog Happy Sonne ihre ganz individuelle und nat\u00fcrliche Bad-Deko.<\/p>\n","protected":false},"author":2,"featured_media":2100,"comment_status":"open","ping_status":"closed","sticky":false,"template":"","format":"standard","meta":{"footnotes":""},"categories":[4],"tags":[11,12,22],"class_list":["post-2098","post","type-post","status-publish","format-standard","has-post-thumbnail","hentry","category-gestalten","tag-bad-verschoenern","tag-baddeko","tag-wellness-bad"],"yoast_head":"<!-- This site is optimized with the Yoast SEO plugin v27.5 - https:\/\/yoast.com\/product\/yoast-seo-wordpress\/ -->\n<title>Yvonnes Bad: Kreative Deko f\u00fcr den Wohlf\u00fchlort<\/title>\n<meta name=\"description\" content=\"Ein selbstgemaltes Bild, ein Zahnb\u00fcrstenhalter aus Treibholz: Bloggerin Yvonne zeigt uns ihre kreative Bad-Deko. Sehen Sie selbst!\" \/>\n<meta name=\"robots\" content=\"index, follow, max-snippet:-1, max-image-preview:large, max-video-preview:-1\" \/>\n<link rel=\"canonical\" href=\"https:\/\/www.duschenprofis.de\/magazin\/yvonnes-kreatives-bad\/\" \/>\n<meta property=\"og:locale\" content=\"de_DE\" \/>\n<meta property=\"og:type\" content=\"article\" \/>\n<meta property=\"og:title\" content=\"Yvonnes Bad: Kreative Deko f\u00fcr den Wohlf\u00fchlort\" \/>\n<meta property=\"og:description\" content=\"Ein selbstgemaltes Bild, ein Zahnb\u00fcrstenhalter aus Treibholz: Bloggerin Yvonne zeigt uns ihre kreative Bad-Deko. Sehen Sie selbst!\" \/>\n<meta property=\"og:url\" content=\"https:\/\/www.duschenprofis.de\/magazin\/yvonnes-kreatives-bad\/\" \/>\n<meta property=\"og:site_name\" content=\"Duschenprofis\" \/>\n<meta property=\"article:publisher\" content=\"https:\/\/www.facebook.com\/duschenprofis\/\" \/>\n<meta property=\"article:published_time\" content=\"2017-11-15T12:54:43+00:00\" \/>\n<meta property=\"article:modified_time\" content=\"2025-10-09T14:27:20+00:00\" \/>\n<meta property=\"og:image\" content=\"https:\/\/www.duschenprofis.de\/magazin\/wp-content\/uploads\/2017\/11\/baddeko.jpg\" \/>\n\t<meta property=\"og:image:width\" content=\"600\" \/>\n\t<meta property=\"og:image:height\" content=\"354\" \/>\n\t<meta property=\"og:image:type\" content=\"image\/jpeg\" \/>\n<meta name=\"author\" content=\"Duschenprofis\" \/>\n<meta name=\"twitter:card\" content=\"summary_large_image\" \/>\n<meta name=\"twitter:label1\" content=\"Verfasst von\" \/>\n\t<meta name=\"twitter:data1\" content=\"Duschenprofis\" \/>\n\t<meta name=\"twitter:label2\" content=\"Gesch\u00e4tzte Lesezeit\" \/>\n\t<meta name=\"twitter:data2\" content=\"5\u00a0Minuten\" \/>\n<script type=\"application\/ld+json\" class=\"yoast-schema-graph\">{\"@context\":\"https:\\\/\\\/schema.org\",\"@graph\":[{\"@type\":\"Article\",\"@id\":\"https:\\\/\\\/www.duschenprofis.de\\\/magazin\\\/yvonnes-kreatives-bad\\\/#article\",\"isPartOf\":{\"@id\":\"https:\\\/\\\/www.duschenprofis.de\\\/magazin\\\/yvonnes-kreatives-bad\\\/\"},\"author\":{\"name\":\"Duschenprofis\",\"@id\":\"https:\\\/\\\/www.duschenprofis.de\\\/magazin\\\/#\\\/schema\\\/person\\\/5e10dfd59a799b37675a368453bf2ae8\"},\"headline\":\"Ein bisschen Luxus, ein bisschen Natur: Yvonnes gem\u00fctliches Wohlf\u00fchlbad\",\"datePublished\":\"2017-11-15T12:54:43+00:00\",\"dateModified\":\"2025-10-09T14:27:20+00:00\",\"mainEntityOfPage\":{\"@id\":\"https:\\\/\\\/www.duschenprofis.de\\\/magazin\\\/yvonnes-kreatives-bad\\\/\"},\"wordCount\":708,\"commentCount\":2,\"image\":{\"@id\":\"https:\\\/\\\/www.duschenprofis.de\\\/magazin\\\/yvonnes-kreatives-bad\\\/#primaryimage\"},\"thumbnailUrl\":\"https:\\\/\\\/www.duschenprofis.de\\\/magazin\\\/wp-content\\\/uploads\\\/2017\\\/11\\\/baddeko.jpg\",\"keywords\":[\"Bad versch\u00f6nern\",\"Baddeko\",\"Wellness Bad\"],\"articleSection\":[\"Gestalten\"],\"inLanguage\":\"de\",\"potentialAction\":[{\"@type\":\"CommentAction\",\"name\":\"Comment\",\"target\":[\"https:\\\/\\\/www.duschenprofis.de\\\/magazin\\\/yvonnes-kreatives-bad\\\/#respond\"]}]},{\"@type\":\"WebPage\",\"@id\":\"https:\\\/\\\/www.duschenprofis.de\\\/magazin\\\/yvonnes-kreatives-bad\\\/\",\"url\":\"https:\\\/\\\/www.duschenprofis.de\\\/magazin\\\/yvonnes-kreatives-bad\\\/\",\"name\":\"Yvonnes Bad: Kreative Deko f\u00fcr den Wohlf\u00fchlort\",\"isPartOf\":{\"@id\":\"https:\\\/\\\/www.duschenprofis.de\\\/magazin\\\/#website\"},\"primaryImageOfPage\":{\"@id\":\"https:\\\/\\\/www.duschenprofis.de\\\/magazin\\\/yvonnes-kreatives-bad\\\/#primaryimage\"},\"image\":{\"@id\":\"https:\\\/\\\/www.duschenprofis.de\\\/magazin\\\/yvonnes-kreatives-bad\\\/#primaryimage\"},\"thumbnailUrl\":\"https:\\\/\\\/www.duschenprofis.de\\\/magazin\\\/wp-content\\\/uploads\\\/2017\\\/11\\\/baddeko.jpg\",\"datePublished\":\"2017-11-15T12:54:43+00:00\",\"dateModified\":\"2025-10-09T14:27:20+00:00\",\"author\":{\"@id\":\"https:\\\/\\\/www.duschenprofis.de\\\/magazin\\\/#\\\/schema\\\/person\\\/5e10dfd59a799b37675a368453bf2ae8\"},\"description\":\"Ein selbstgemaltes Bild, ein Zahnb\u00fcrstenhalter aus Treibholz: Bloggerin Yvonne zeigt uns ihre kreative Bad-Deko. Sehen Sie selbst!\",\"breadcrumb\":{\"@id\":\"https:\\\/\\\/www.duschenprofis.de\\\/magazin\\\/yvonnes-kreatives-bad\\\/#breadcrumb\"},\"inLanguage\":\"de\",\"potentialAction\":[{\"@type\":\"ReadAction\",\"target\":[\"https:\\\/\\\/www.duschenprofis.de\\\/magazin\\\/yvonnes-kreatives-bad\\\/\"]}]},{\"@type\":\"ImageObject\",\"inLanguage\":\"de\",\"@id\":\"https:\\\/\\\/www.duschenprofis.de\\\/magazin\\\/yvonnes-kreatives-bad\\\/#primaryimage\",\"url\":\"https:\\\/\\\/www.duschenprofis.de\\\/magazin\\\/wp-content\\\/uploads\\\/2017\\\/11\\\/baddeko.jpg\",\"contentUrl\":\"https:\\\/\\\/www.duschenprofis.de\\\/magazin\\\/wp-content\\\/uploads\\\/2017\\\/11\\\/baddeko.jpg\",\"width\":600,\"height\":354,\"caption\":\"Individuelle Badezimmerdeko\"},{\"@type\":\"BreadcrumbList\",\"@id\":\"https:\\\/\\\/www.duschenprofis.de\\\/magazin\\\/yvonnes-kreatives-bad\\\/#breadcrumb\",\"itemListElement\":[{\"@type\":\"ListItem\",\"position\":1,\"name\":\"Startseite\",\"item\":\"https:\\\/\\\/www.duschenprofis.de\\\/magazin\\\/\"},{\"@type\":\"ListItem\",\"position\":2,\"name\":\"Ein bisschen Luxus, ein bisschen Natur: Yvonnes gem\u00fctliches Wohlf\u00fchlbad\"}]},{\"@type\":\"WebSite\",\"@id\":\"https:\\\/\\\/www.duschenprofis.de\\\/magazin\\\/#website\",\"url\":\"https:\\\/\\\/www.duschenprofis.de\\\/magazin\\\/\",\"name\":\"Duschenprofis\",\"description\":\"Neues von den Duschenprofis: Tipps und Tricks rund ums Bad, DiY und Ratgeber zur Badplanung.\",\"potentialAction\":[{\"@type\":\"SearchAction\",\"target\":{\"@type\":\"EntryPoint\",\"urlTemplate\":\"https:\\\/\\\/www.duschenprofis.de\\\/magazin\\\/?s={search_term_string}\"},\"query-input\":{\"@type\":\"PropertyValueSpecification\",\"valueRequired\":true,\"valueName\":\"search_term_string\"}}],\"inLanguage\":\"de\"},{\"@type\":\"Person\",\"@id\":\"https:\\\/\\\/www.duschenprofis.de\\\/magazin\\\/#\\\/schema\\\/person\\\/5e10dfd59a799b37675a368453bf2ae8\",\"name\":\"Duschenprofis\"}]}<\/script>\n<!-- \/ Yoast SEO plugin. -->","yoast_head_json":{"title":"Yvonnes Bad: Kreative Deko f\u00fcr den Wohlf\u00fchlort","description":"Ein selbstgemaltes Bild, ein Zahnb\u00fcrstenhalter aus Treibholz: Bloggerin Yvonne zeigt uns ihre kreative Bad-Deko. Sehen Sie selbst!","robots":{"index":"index","follow":"follow","max-snippet":"max-snippet:-1","max-image-preview":"max-image-preview:large","max-video-preview":"max-video-preview:-1"},"canonical":"https:\/\/www.duschenprofis.de\/magazin\/yvonnes-kreatives-bad\/","og_locale":"de_DE","og_type":"article","og_title":"Yvonnes Bad: Kreative Deko f\u00fcr den Wohlf\u00fchlort","og_description":"Ein selbstgemaltes Bild, ein Zahnb\u00fcrstenhalter aus Treibholz: Bloggerin Yvonne zeigt uns ihre kreative Bad-Deko. Sehen Sie selbst!","og_url":"https:\/\/www.duschenprofis.de\/magazin\/yvonnes-kreatives-bad\/","og_site_name":"Duschenprofis","article_publisher":"https:\/\/www.facebook.com\/duschenprofis\/","article_published_time":"2017-11-15T12:54:43+00:00","article_modified_time":"2025-10-09T14:27:20+00:00","og_image":[{"width":600,"height":354,"url":"https:\/\/www.duschenprofis.de\/magazin\/wp-content\/uploads\/2017\/11\/baddeko.jpg","type":"image\/jpeg"}],"author":"Duschenprofis","twitter_card":"summary_large_image","twitter_misc":{"Verfasst von":"Duschenprofis","Gesch\u00e4tzte Lesezeit":"5\u00a0Minuten"},"schema":{"@context":"https:\/\/schema.org","@graph":[{"@type":"Article","@id":"https:\/\/www.duschenprofis.de\/magazin\/yvonnes-kreatives-bad\/#article","isPartOf":{"@id":"https:\/\/www.duschenprofis.de\/magazin\/yvonnes-kreatives-bad\/"},"author":{"name":"Duschenprofis","@id":"https:\/\/www.duschenprofis.de\/magazin\/#\/schema\/person\/5e10dfd59a799b37675a368453bf2ae8"},"headline":"Ein bisschen Luxus, ein bisschen Natur: Yvonnes gem\u00fctliches Wohlf\u00fchlbad","datePublished":"2017-11-15T12:54:43+00:00","dateModified":"2025-10-09T14:27:20+00:00","mainEntityOfPage":{"@id":"https:\/\/www.duschenprofis.de\/magazin\/yvonnes-kreatives-bad\/"},"wordCount":708,"commentCount":2,"image":{"@id":"https:\/\/www.duschenprofis.de\/magazin\/yvonnes-kreatives-bad\/#primaryimage"},"thumbnailUrl":"https:\/\/www.duschenprofis.de\/magazin\/wp-content\/uploads\/2017\/11\/baddeko.jpg","keywords":["Bad versch\u00f6nern","Baddeko","Wellness Bad"],"articleSection":["Gestalten"],"inLanguage":"de","potentialAction":[{"@type":"CommentAction","name":"Comment","target":["https:\/\/www.duschenprofis.de\/magazin\/yvonnes-kreatives-bad\/#respond"]}]},{"@type":"WebPage","@id":"https:\/\/www.duschenprofis.de\/magazin\/yvonnes-kreatives-bad\/","url":"https:\/\/www.duschenprofis.de\/magazin\/yvonnes-kreatives-bad\/","name":"Yvonnes Bad: Kreative Deko f\u00fcr den Wohlf\u00fchlort","isPartOf":{"@id":"https:\/\/www.duschenprofis.de\/magazin\/#website"},"primaryImageOfPage":{"@id":"https:\/\/www.duschenprofis.de\/magazin\/yvonnes-kreatives-bad\/#primaryimage"},"image":{"@id":"https:\/\/www.duschenprofis.de\/magazin\/yvonnes-kreatives-bad\/#primaryimage"},"thumbnailUrl":"https:\/\/www.duschenprofis.de\/magazin\/wp-content\/uploads\/2017\/11\/baddeko.jpg","datePublished":"2017-11-15T12:54:43+00:00","dateModified":"2025-10-09T14:27:20+00:00","author":{"@id":"https:\/\/www.duschenprofis.de\/magazin\/#\/schema\/person\/5e10dfd59a799b37675a368453bf2ae8"},"description":"Ein selbstgemaltes Bild, ein Zahnb\u00fcrstenhalter aus Treibholz: Bloggerin Yvonne zeigt uns ihre kreative Bad-Deko. Sehen Sie selbst!","breadcrumb":{"@id":"https:\/\/www.duschenprofis.de\/magazin\/yvonnes-kreatives-bad\/#breadcrumb"},"inLanguage":"de","potentialAction":[{"@type":"ReadAction","target":["https:\/\/www.duschenprofis.de\/magazin\/yvonnes-kreatives-bad\/"]}]},{"@type":"ImageObject","inLanguage":"de","@id":"https:\/\/www.duschenprofis.de\/magazin\/yvonnes-kreatives-bad\/#primaryimage","url":"https:\/\/www.duschenprofis.de\/magazin\/wp-content\/uploads\/2017\/11\/baddeko.jpg","contentUrl":"https:\/\/www.duschenprofis.de\/magazin\/wp-content\/uploads\/2017\/11\/baddeko.jpg","width":600,"height":354,"caption":"Individuelle Badezimmerdeko"},{"@type":"BreadcrumbList","@id":"https:\/\/www.duschenprofis.de\/magazin\/yvonnes-kreatives-bad\/#breadcrumb","itemListElement":[{"@type":"ListItem","position":1,"name":"Startseite","item":"https:\/\/www.duschenprofis.de\/magazin\/"},{"@type":"ListItem","position":2,"name":"Ein bisschen Luxus, ein bisschen Natur: Yvonnes gem\u00fctliches Wohlf\u00fchlbad"}]},{"@type":"WebSite","@id":"https:\/\/www.duschenprofis.de\/magazin\/#website","url":"https:\/\/www.duschenprofis.de\/magazin\/","name":"Duschenprofis","description":"Neues von den Duschenprofis: Tipps und Tricks rund ums Bad, DiY und Ratgeber zur Badplanung.","potentialAction":[{"@type":"SearchAction","target":{"@type":"EntryPoint","urlTemplate":"https:\/\/www.duschenprofis.de\/magazin\/?s={search_term_string}"},"query-input":{"@type":"PropertyValueSpecification","valueRequired":true,"valueName":"search_term_string"}}],"inLanguage":"de"},{"@type":"Person","@id":"https:\/\/www.duschenprofis.de\/magazin\/#\/schema\/person\/5e10dfd59a799b37675a368453bf2ae8","name":"Duschenprofis"}]}},"lang":"de","translations":{"de":2098,"de-at":7675},"pll_sync_post":{"de":true},"_links":{"self":[{"href":"https:\/\/www.duschenprofis.de\/magazin\/wp-json\/wp\/v2\/posts\/2098","targetHints":{"allow":["GET"]}}],"collection":[{"href":"https:\/\/www.duschenprofis.de\/magazin\/wp-json\/wp\/v2\/posts"}],"about":[{"href":"https:\/\/www.duschenprofis.de\/magazin\/wp-json\/wp\/v2\/types\/post"}],"author":[{"embeddable":true,"href":"https:\/\/www.duschenprofis.de\/magazin\/wp-json\/wp\/v2\/users\/2"}],"replies":[{"embeddable":true,"href":"https:\/\/www.duschenprofis.de\/magazin\/wp-json\/wp\/v2\/comments?post=2098"}],"version-history":[{"count":5,"href":"https:\/\/www.duschenprofis.de\/magazin\/wp-json\/wp\/v2\/posts\/2098\/revisions"}],"predecessor-version":[{"id":7492,"href":"https:\/\/www.duschenprofis.de\/magazin\/wp-json\/wp\/v2\/posts\/2098\/revisions\/7492"}],"wp:featuredmedia":[{"embeddable":true,"href":"https:\/\/www.duschenprofis.de\/magazin\/wp-json\/wp\/v2\/media\/2100"}],"wp:attachment":[{"href":"https:\/\/www.duschenprofis.de\/magazin\/wp-json\/wp\/v2\/media?parent=2098"}],"wp:term":[{"taxonomy":"category","embeddable":true,"href":"https:\/\/www.duschenprofis.de\/magazin\/wp-json\/wp\/v2\/categories?post=2098"},{"taxonomy":"post_tag","embeddable":true,"href":"https:\/\/www.duschenprofis.de\/magazin\/wp-json\/wp\/v2\/tags?post=2098"}],"curies":[{"name":"wp","href":"https:\/\/api.w.org\/{rel}","templated":true}]}}