{"id":150,"date":"2015-10-06T11:23:43","date_gmt":"2015-10-06T09:23:43","guid":{"rendered":"https:\/\/www.duschenprofis.de\/magazin\/?p=150"},"modified":"2025-12-15T12:17:05","modified_gmt":"2025-12-15T11:17:05","slug":"bad-verschoenern","status":"publish","type":"post","link":"https:\/\/www.duschenprofis.de\/magazin\/bad-verschoenern\/","title":{"rendered":"Wie Sie mit 5 einfachen Tricks jedes Bad versch\u00f6nern k\u00f6nnen"},"content":{"rendered":"<section  class='av_textblock_section av-mdpvt8ky-6a50db2a9af6f20c3f2b86520d67275d '   itemscope=\"itemscope\" itemtype=\"https:\/\/schema.org\/BlogPosting\" itemprop=\"blogPost\" ><div class='avia_textblock'  itemprop=\"text\" ><p><img loading=\"lazy\" decoding=\"async\" class=\"alignnone size-full wp-image-153 aligncenter\" src=\"https:\/\/www.duschenprofis.de\/magazin\/wp-content\/uploads\/2015\/10\/kerzen-romantisch-bad.jpg\" alt=\"kerzen-romantisch-bad\" width=\"820\" height=\"585\" srcset=\"https:\/\/www.duschenprofis.de\/magazin\/wp-content\/uploads\/2015\/10\/kerzen-romantisch-bad.jpg 820w, https:\/\/www.duschenprofis.de\/magazin\/wp-content\/uploads\/2015\/10\/kerzen-romantisch-bad-300x214.jpg 300w, https:\/\/www.duschenprofis.de\/magazin\/wp-content\/uploads\/2015\/10\/kerzen-romantisch-bad-768x548.jpg 768w, https:\/\/www.duschenprofis.de\/magazin\/wp-content\/uploads\/2015\/10\/kerzen-romantisch-bad-260x185.jpg 260w, https:\/\/www.duschenprofis.de\/magazin\/wp-content\/uploads\/2015\/10\/kerzen-romantisch-bad-705x503.jpg 705w\" sizes=\"auto, (max-width: 820px) 100vw, 820px\" \/><\/p>\n<p><strong>Wenn Ihnen Ihr Bad nicht gef\u00e4llt, haben Sie nur zwei M\u00f6glichkeiten: Sie renovieren es von Grund auf neu oder Sie arbeiten mit dem, was bereits da ist. Wie Sie mit 5 einfachen Tricks ganz ohne Sanierung Ihr pers\u00f6nliches Traumbad gestalten, verr\u00e4t Ihnen Bad-Designer Alexander Leopold. <\/strong><\/p>\n<h2>Von Mietwohnungen und Renovierungspreisen<\/h2>\n<p>Werden sie danach gefragt, was sie sich f\u00fcr ihre Wohnung am meisten w\u00fcnschen, geben mehr als die H\u00e4lfte der Deutschen den Hauptwunsch <a href=\"https:\/\/de.statista.com\/statistik\/daten\/studie\/1599\/umfrage\/wuensche-fuer-die-wohnung\/\" target=\"_blank\" rel=\"noopener noreferrer\">einer Wellness-Oase als Bad<\/a> an. Geht es Ihnen auch so?<\/p>\n<p>Gleichzeitig ist es den wenigsten unter uns verg\u00f6nnt, sich eine vollst\u00e4ndige Badsanierung leisten zu k\u00f6nnen: Sei es, weil Ihnen Ihr Vermieter eine Renovierung nicht erlaubt \u2013 oder weil Ihnen schlichtweg die finanziellen Mittel dazu fehlen.<\/p>\n<p>Was aber, wenn Sie keine aufw\u00e4ndige Sanierung brauchen, um aus Ihrem Bad eine Wellness-Oase zu machen? Oftmals sind nur Kreativit\u00e4t und ein paar gute Einf\u00e4lle gefragt, um das Badezimmer aufzupeppen und ein v\u00f6llig anderes Wohngef\u00fchl zu gestalten. Es kann auch eine gro\u00dfe Wirkung erzielt werden, nur ein einzelnes gro\u00dfes Objekt oder einen Sanit\u00e4rgegenstand auszutauschen, um aus dem langweiligen Einerlei ein neues Badezimmer zu machen. Schon der Ersatz eines Duschvorhangs durch eine <a href=\"https:\/\/www.duschenprofis.de\/duschkabinen\/\">Duschkabine aus Glas<\/a> macht eine Menge her &#8211; bei wenig Platz kann das eine <a href=\"https:\/\/www.duschenprofis.de\/duschkabinen\/badewannenaufsaetze.html\">Badewannenduschwand<\/a> sein. Wenn Sie nach Inspiration suchen, werden Sie bei uns sicher f\u00fcndig: Wir haben den erfahrenen Bad-Designer Alexander Leopold gefragt, was Sie seiner Meinung nach tun k\u00f6nnen, um Ihr Bad zu versch\u00f6nern, ohne den Handwerker rufen zu m\u00fcssen.<\/p>\n<p><img loading=\"lazy\" decoding=\"async\" class=\"alignright wp-image-154 size-full\" src=\"https:\/\/www.duschenprofis.de\/magazin\/wp-content\/uploads\/2015\/10\/alexander-leopold.jpg\" alt=\"alexander-leopold\" width=\"155\" height=\"165\" \/><strong>Alexander Leopold<\/strong><br \/>\nSeit bald 20 Jahren entwickelt der \u00f6sterreichische Innenarchitekt, Grafiker und Produktdesigner Alexander Leopold (\u271d) Badezimmer, Badeinrichtungen und Sanit\u00e4rprodukte. Aus seiner langj\u00e4hrigen Erfahrung wei\u00df er, worauf es bei der stilvollen Einrichtung Ihres Badezimmers ankommt.<\/p>\n<h2>1.\u00a0\u00a0\u00a0\u00a0 Mehr Licht geht immer<\/h2>\n<p><em>\u201eOhne ausreichend Licht bleibt auch ein wei\u00dfes Bad finster\u201c<\/em>, lautet einer der Grunds\u00e4tze von Alexander Leopold.<\/p>\n<p>Stellen Sie sich die Frage: Wie viele Lichtquellen habe ich in meinem Bad? Die richtige Antwort sollte lauten: mindestens zwei!<\/p>\n<p>Wenn Sie Tageslicht zur Verf\u00fcgung stehen haben, <a href=\"https:\/\/www.spiegel.de\/gesundheit\/psychologie\/licht-und-wohlbefinden-10-000-lux-fuer-das-pure-glueck-a-886853.html\" target=\"_blank\" rel=\"noopener noreferrer\">sollten Sie so viel wie m\u00f6glich davon ausnutzen<\/a>. Entfernen Sie, wenn m\u00f6glich, Gardinen und Aufkleber vom Fenster und stellen Sie keine gro\u00dfen Pflanzen davor, die das Licht behindern. Praktisch sind Lamellenrollos aus Holz oder Kunststoff, die in ge\u00f6ffneter Stellung viel Licht ins Badezimmer lassen, bei Bedarf jedoch durch das Umstellen der Lamellen einen kompletten Sichtschutz zum Beispiel beim Duschen bieten &#8211; sowohl bei Tageslicht als auch bei Nacht mit eingeschalteter Beleuchtung gibt es keine ungebetenen Blicke ins Badezimmer.<\/p>\n<div id=\"attachment_155\" style=\"width: 859px\" class=\"wp-caption aligncenter\"><img loading=\"lazy\" decoding=\"async\" aria-describedby=\"caption-attachment-155\" class=\"size-full wp-image-155\" src=\"https:\/\/www.duschenprofis.de\/magazin\/wp-content\/uploads\/2015\/10\/blaues-bad-mit-lichteinfall.jpg\" alt=\"blaues bad mit lichteinfall\" width=\"849\" height=\"565\" srcset=\"https:\/\/www.duschenprofis.de\/magazin\/wp-content\/uploads\/2015\/10\/blaues-bad-mit-lichteinfall.jpg 849w, https:\/\/www.duschenprofis.de\/magazin\/wp-content\/uploads\/2015\/10\/blaues-bad-mit-lichteinfall-300x200.jpg 300w, https:\/\/www.duschenprofis.de\/magazin\/wp-content\/uploads\/2015\/10\/blaues-bad-mit-lichteinfall-768x511.jpg 768w, https:\/\/www.duschenprofis.de\/magazin\/wp-content\/uploads\/2015\/10\/blaues-bad-mit-lichteinfall-705x469.jpg 705w\" sizes=\"auto, (max-width: 849px) 100vw, 849px\" \/><p id=\"caption-attachment-155\" class=\"wp-caption-text\">Je mehr Tageslicht Sie ausnutzen k\u00f6nnen, umso besser. Zur Not helfen Sie mit Ihrem Badspiegel aus, um das Licht zu vervielfachen.<\/p><\/div>\n<p>Mit dem richtigen Licht sind Sie auch nicht gezwungen, in Ihrem Bad nur von wei\u00dfen W\u00e4nden umgeben zu sein: <em>\u201eWenn man sie nur ausreichend beleuchtet, kann man sehr wohl dunkle, satte und sch\u00f6ne Farben im Bad verwenden.\u201c <\/em>Was wichtig ist, denn:<\/p>\n<h2>2. \u00a0\u00a0\u00a0 Farbe im Bad wird untersch\u00e4tzt<\/h2>\n<p>Z\u00e4hlen Sie einmal die Anzahl an Farben in Ihrem Wohnzimmer und anschlie\u00dfend diejenigen in Ihrem Bad. Wie gro\u00df f\u00e4llt der Unterschied aus?<\/p>\n<p>Kein Wunder, dass auch Alexander Leopold f\u00fcr mehr <em>\u201eMut zur Farbe\u201c<\/em> pl\u00e4diert. Wie soll das Badezimmer auch ein Ort werden, an dem wir uns wohlf\u00fchlen, wenn wir von zwar hellen, aber farblosen W\u00e4nden umgeben sind? Farben heben die Laune und machen das Leben bunter, und gerade zum Tagesbeginn wird auch der schlimmste Morgenmuffel aufgeheitert durch eine stimmungsvolle Farbatmosph\u00e4re im Bad.<\/p>\n<p>Dabei gibt es drei einfache Ideen, Farbe in Ihr Bad zu bringen:<\/p>\n<h3>Idee #1: W\u00e4nde<\/h3>\n<p>Wie werden die Badezimmerw\u00e4nde am besten bunt? Daf\u00fcr gibt es viele Optionen, von denen wir nur mal die drei beliebtesten nennen wollen:<\/p>\n<ul>\n<li><strong>Tapeten<\/strong> \u2013 moderne Vliestapeten f\u00fchlen sich auch im Badezimmer wohl. <a href=\"https:\/\/www.tapeten.de\/?id=203\" target=\"_blank\" rel=\"noopener noreferrer\">Die Auswahl ist unendlich.<\/a> Und wenn Sie keine ganze Wand tapezieren wollen, eignen sich auch einzelne Streifen, sogenannte Bord\u00fcren.<\/li>\n<li>Farbe k\u00f6nnen Sie nat\u00fcrlich auch auf Ihre <strong>Fliesen<\/strong> bringen \u2013 sei es mit <a href=\"https:\/\/www.heimwerker.de\/haus\/bodenbelaege\/fliesen\/fliesen-streichen.html\" target=\"_blank\" rel=\"noopener noreferrer\">Fliesenfarben<\/a> oder Fliesenaufklebern.<\/li>\n<li><strong>Bilder, Galerien und Farbrahmen<\/strong> \u2013 letzteres eine Designidee von Alexander Leopold: <em>\u201eEinige bespannte Keilrahmen in verschiedenen Gr\u00f6\u00dfen, mit Latexfarbe bestrichen, ergeben mobile Farbfl\u00e4chen f\u00fcr die W\u00e4nde, die ich dann wie Bilder aufh\u00e4nge.\u201c<\/em><\/li>\n<\/ul>\n<div id=\"attachment_156\" style=\"width: 920px\" class=\"wp-caption aligncenter\"><img loading=\"lazy\" decoding=\"async\" aria-describedby=\"caption-attachment-156\" class=\"size-full wp-image-156\" src=\"https:\/\/www.duschenprofis.de\/magazin\/wp-content\/uploads\/2015\/10\/bunte-fliesen.jpg\" alt=\"bunte fliesen mosaik\" width=\"910\" height=\"527\" srcset=\"https:\/\/www.duschenprofis.de\/magazin\/wp-content\/uploads\/2015\/10\/bunte-fliesen.jpg 910w, https:\/\/www.duschenprofis.de\/magazin\/wp-content\/uploads\/2015\/10\/bunte-fliesen-300x174.jpg 300w, https:\/\/www.duschenprofis.de\/magazin\/wp-content\/uploads\/2015\/10\/bunte-fliesen-768x445.jpg 768w, https:\/\/www.duschenprofis.de\/magazin\/wp-content\/uploads\/2015\/10\/bunte-fliesen-705x408.jpg 705w\" sizes=\"auto, (max-width: 910px) 100vw, 910px\" \/><p id=\"caption-attachment-156\" class=\"wp-caption-text\">Fliesen k\u00f6nnen so viel mehr als wei\u00df \u2013 und Fliesensticker lassen sich auch leicht wieder entfernen: ideal f\u00fcr Mietwohnungen!<\/p><\/div>\n<h3>Idee #2: Pflanzen<\/h3>\n<p>Selbst wenn Gr\u00fcn nicht Ihre Lieblingsfarbe sein sollte: Zimmerpflanzen bereichern jedes Badezimmer. Selbst fensterlose B\u00e4der k\u00f6nnen mit Pflanzen ausgestattet werden, die mit wenig Sonnenlicht auskommen \u2013 Sie sollten dann lediglich die T\u00fcr offenstehen lassen.<\/p>\n<p>Zu den pflegeleichtesten Badbewohnern geh\u00f6ren:<\/p>\n<ul class=\"wp-block-list\">\n<li><strong>Schusterpalme (Aspidistra): <\/strong>braucht kaum Licht und wenig Wasser<\/li>\n<li><strong>Gl\u00fccksfeder (Zamioculcas): <\/strong>je weniger Licht, desto dunkler die Bl\u00e4tter \u2013 \u00fcberleben tut sie trotzdem<\/li>\n<li><strong>Einblatt (Spathiphyllum):<\/strong> trumpft mit edlen wei\u00dfen Bl\u00fcten auf und steht auf hohe Luftfeuchtigkeit \u2013 was will man mehr?<\/li>\n<\/ul>\n<div id=\"attachment_157\" style=\"width: 810px\" class=\"wp-caption aligncenter\"><img loading=\"lazy\" decoding=\"async\" aria-describedby=\"caption-attachment-157\" class=\"size-full wp-image-157\" src=\"https:\/\/www.duschenprofis.de\/magazin\/wp-content\/uploads\/2015\/10\/blume-auf-dem-waschbecken.jpg\" alt=\"waschbecken mit blume\" width=\"800\" height=\"600\" srcset=\"https:\/\/www.duschenprofis.de\/magazin\/wp-content\/uploads\/2015\/10\/blume-auf-dem-waschbecken.jpg 800w, https:\/\/www.duschenprofis.de\/magazin\/wp-content\/uploads\/2015\/10\/blume-auf-dem-waschbecken-300x225.jpg 300w, https:\/\/www.duschenprofis.de\/magazin\/wp-content\/uploads\/2015\/10\/blume-auf-dem-waschbecken-768x576.jpg 768w, https:\/\/www.duschenprofis.de\/magazin\/wp-content\/uploads\/2015\/10\/blume-auf-dem-waschbecken-705x529.jpg 705w\" sizes=\"auto, (max-width: 800px) 100vw, 800px\" \/><p id=\"caption-attachment-157\" class=\"wp-caption-text\">Es sagt ja niemand, dass Sie gleich einen ganzen Garten im Bad anpflanzen m\u00fcssen. Ein Strau\u00df freundlicher Blumen tut es auch.<\/p><\/div>\n<h3>Idee #3: Dekoration<\/h3>\n<p>Darauf kommen wir sp\u00e4ter nochmal zur\u00fcck, aber es lohnt sich auch jetzt schon, es zu erw\u00e4hnen: Auch ein Bad mag Dekorationen!<\/p>\n<p>Von Handt\u00fcchern in verschiedenen Farben, \u00fcber Muscheln aus dem Urlaub, hin zu Kerzen, Kandelabern und Blumenvasen \u2013 wir sind sicher, Ihnen f\u00e4llt noch mehr ein. Platz f\u00fcr Dekoration haben Sie besonders, wenn Sie unseren n\u00e4chsten Tipp beachten.<\/p>\n<h2>3. Behandeln Sie Ihr Bad nicht als Abstellkammer<\/h2>\n<p><em>\u201eDas Badezimmer wird leider viel zu h\u00e4ufig als Stauraum f\u00fcr alles M\u00f6gliche verwendet\u201c<\/em>, gibt Alexander Leopold zu denken.<\/p>\n<p>Nat\u00fcrlich \u2013 einige Dinge sollten Sie am besten im Bad und griffbereit haben, aber vieles l\u00e4sst sich auch in anderen Zimmern verstauen, die f\u00fcr gew\u00f6hnlich mehr Platz bieten als Ihr Bad:<\/p>\n<p>Was ebenfalls Platz schaffen kann, ist, Ihren tiefen Spiegelschrank durch einen flachen Wandspiegel zu ersetzen: Vielleicht passt der Inhalt ja auch noch in die Kommode unter dem Waschbecken? Waschtischunterschr\u00e4nke gibt es oft passend zum jeweiligen Waschtisch, so dass der Platz optimal ausgenutzt werden kann.<\/p>\n<div id=\"attachment_158\" style=\"width: 859px\" class=\"wp-caption aligncenter\"><img loading=\"lazy\" decoding=\"async\" aria-describedby=\"caption-attachment-158\" class=\"size-full wp-image-158\" src=\"https:\/\/www.duschenprofis.de\/magazin\/wp-content\/uploads\/2015\/10\/frau-mit-wanne-voll-putzmittel.jpg\" alt=\"frau mit wanne voller putzmittel\" width=\"849\" height=\"565\" srcset=\"https:\/\/www.duschenprofis.de\/magazin\/wp-content\/uploads\/2015\/10\/frau-mit-wanne-voll-putzmittel.jpg 849w, https:\/\/www.duschenprofis.de\/magazin\/wp-content\/uploads\/2015\/10\/frau-mit-wanne-voll-putzmittel-300x200.jpg 300w, https:\/\/www.duschenprofis.de\/magazin\/wp-content\/uploads\/2015\/10\/frau-mit-wanne-voll-putzmittel-768x511.jpg 768w, https:\/\/www.duschenprofis.de\/magazin\/wp-content\/uploads\/2015\/10\/frau-mit-wanne-voll-putzmittel-705x469.jpg 705w\" sizes=\"auto, (max-width: 849px) 100vw, 849px\" \/><p id=\"caption-attachment-158\" class=\"wp-caption-text\">Was haben Glasreiniger, Badreiniger und WC-Ente gemeinsam? Sie haben alle nichts im Badschrank verloren.<\/p><\/div>\n<h2>4.\u00a0\u00a0\u00a0\u00a0 Schluss mit zeitloser Einrichtung \u2013 werden Sie saisonal<\/h2>\n<p>Hatten wir Ihnen nicht versprochen, noch einmal auf das Thema Dekoration zur\u00fcckzukommen?<\/p>\n<p>Beginnen wir mit einer Frage: Geh\u00f6ren Sie eher zu der Art Mensch, die ihre Wohnung alle vier Monate umstellt? Oder lassen Sie die Dinge so stehen, wie sie sind, bis Sie ausziehen?<\/p>\n<p>Alexander Leopold ist der Meinung: <em>\u201eSo etwas wie eine zeitlose Einrichtung gibt es nicht. In den Siebziger Jahren wurde dem Kunden Currygelb als \u201azeitlose\u2018 Farbe angepriesen. Derzeit wird Hellbeige als \u201azeitlos\u2018 betrachtet. Doch in sp\u00e4testens 10 Jahren wird man unsere Zeit als die \u201ahellbeige \u00c4ra\u2018 bezeichnen und wiederum etwas anderes als \u201azeitlos\u2018 verkaufen.\u201c<\/em><\/p>\n<p>Trends \u00e4ndern sich nun mal. Selbst wenn das nicht bedeutet, alle Ihre M\u00f6bel auszutauschen, k\u00f6nnen Sie dennoch mit verschiedenen Deko-Elementen Ihren aktuellen Vorlieben Ausdruck verleihen, um Ihr altes Bad aufzupeppen. Machen Sie zum Beispiel von Zeit zu Zeit einen Test und pr\u00fcfen Sie, ob Ihr pers\u00f6nlicher Geschmack noch immer derselbe ist wie fr\u00fcher.<\/p>\n<p>Was Alexander Leopold ebenso erstaunlich findet: <em>\u201eIst es nicht ein bisschen langweilig, wenn das Bad zu Weihnachten genauso aussieht wie im Sommer?\u201c<\/em> Schlie\u00dflich wird ja auch das \u00fcbrige Zuhause passend zur Jahreszeit dekoriert \u2013 warum also beim Bad eine Ausnahme machen?<\/p>\n<p>Als Beispiel machen Ihnen die Bloggerinnen Daniela, Kristina und \u201eKroetinchen\u201c vor, wie wenig es braucht, um Ihr Bad f\u00fcr <a href=\"https:\/\/www.schoener-wohnen.de\/einrichten\/dekorieren\/29857-thma-fruehlingsdeko\">Fr\u00fchling<\/a>, <a href=\"https:\/\/mayodans.blogspot.de\/2014\/08\/tilda-vogelscheuche-sommerdeko.html\">Sommer<\/a>, <a href=\"https:\/\/www.ichdesigner.com\/2014\/08\/22\/meine-dekotrends-fur-das-badezimmer-im-herbst\/\">Herbst<\/a> und <a href=\"https:\/\/kroetinchen.blogspot.de\/2014\/12\/neue-winterdeko.html\">Winter<\/a> auszustatten. Lassen Sie sich inspirieren!<\/p>\n<div id=\"attachment_159\" style=\"width: 859px\" class=\"wp-caption aligncenter\"><img loading=\"lazy\" decoding=\"async\" aria-describedby=\"caption-attachment-159\" class=\"size-full wp-image-159\" src=\"https:\/\/www.duschenprofis.de\/magazin\/wp-content\/uploads\/2015\/10\/kosmetik-und-seife-geordnet.jpg\" alt=\"kosmetik und seifen und badesalz\" width=\"849\" height=\"565\" srcset=\"https:\/\/www.duschenprofis.de\/magazin\/wp-content\/uploads\/2015\/10\/kosmetik-und-seife-geordnet.jpg 849w, https:\/\/www.duschenprofis.de\/magazin\/wp-content\/uploads\/2015\/10\/kosmetik-und-seife-geordnet-300x200.jpg 300w, https:\/\/www.duschenprofis.de\/magazin\/wp-content\/uploads\/2015\/10\/kosmetik-und-seife-geordnet-768x511.jpg 768w, https:\/\/www.duschenprofis.de\/magazin\/wp-content\/uploads\/2015\/10\/kosmetik-und-seife-geordnet-705x469.jpg 705w\" sizes=\"auto, (max-width: 849px) 100vw, 849px\" \/><p id=\"caption-attachment-159\" class=\"wp-caption-text\">Deko-Ideen f\u00fcrs Bad gibt es wie Sand am Meer. Eine schnelle Suche bei Pinterest kann eine einfache Inspirationsquelle sein.<\/p><\/div>\n<h2>5.\u00a0\u00a0\u00a0\u00a0 Optimieren Sie Ihr Sanit\u00e4r-Equipment<\/h2>\n<p>Wenn Sie unter Ihrer Dusche stehen, kommt es \u2013 neben der richtigen <a href=\"https:\/\/www.duschenprofis.de\/duschkabinen\/\">Duschkabine<\/a> \u2013 vor allem auf die richtige Wassermenge an. Schlie\u00dflich wollen Sie sich nicht an einem kalten Wintertag erwartungsvoll unter Ihre hei\u00dfe Dusche stellen, um anschlie\u00dfend nur von ein paar sp\u00e4rlichen Tropfen begr\u00fc\u00dft zu werden.<\/p>\n<p><em>\u201eTauschen Sie Ihren Duschkopf gegen ein neues Modell mit verschiedenen Strahlarten\u201c,<\/em> ist Alexander Leopolds einfacher Tipp. Zeitgem\u00e4\u00df bei teuren Energiepreisen ist nat\u00fcrlich ein Sparduschkopf, der nachweislich bares Geld spart, indem das warme Wasser mit Luft durchmischt wird und so weit weniger Wasser verbraucht wird als mit einem herk\u00f6mmlichen Duschkopf. Wenn Sie zus\u00e4tzlich die Temperatur beim Duschen etwas verringern und die Duschzeit etwas verk\u00fcrzen, kann bei einer Familie schon ein stattlicher Betrag am Ende des Jahres eingespart werden. Und wenn Sie schon dabei sind, Ihre Hardware auszutauschen, warum dann nicht auch <em>\u201eeinen neuen WC-Deckel oder einen Mousseur bei der Waschtisch- und Wannenarmatur\u201c<\/em>?<\/p>\n<p>Manchmal reicht es auch, einfach Ihren Duschkopf zu entkalken, um Ihre Dusche wieder zu voller Leistung zur\u00fcckzubringen. <a href=\"https:\/\/www.familie.de\/familienleben\/bilderstrecke\/life-hacks\/#page-14\">Ein einfacher Hack:<\/a> H\u00e4ngen Sie eine kleine T\u00fcte gef\u00fcllt mit einer Mischung aus Wasser und Zitronens\u00e4ure unter Ihren Duschkopf und lassen Sie ihn \u00fcber Nacht einwirken. Der n\u00e4chste Morgen wird Sie \u00fcberraschen.<br \/>\nViele Duschk\u00f6pfe haben auch elastische Gumminoppen, die gleichsam als Anti-Kalk-Noppen fungieren. Streichen Sie einfach nach dem Duschen mit den Fingern \u00fcber die Noppen, schon l\u00f6st sich der Kalk. Bei st\u00e4rkeren Verkalkungen k\u00f6nnen Sie auch mit einer B\u00fcrste den Kalk einfach wegb\u00fcrsten.<\/p>\n<div id=\"attachment_160\" style=\"width: 859px\" class=\"wp-caption aligncenter\"><img loading=\"lazy\" decoding=\"async\" aria-describedby=\"caption-attachment-160\" class=\"size-full wp-image-160\" src=\"https:\/\/www.duschenprofis.de\/magazin\/wp-content\/uploads\/2015\/10\/duschkopf.jpg\" alt=\"duschkopf\" width=\"849\" height=\"565\" srcset=\"https:\/\/www.duschenprofis.de\/magazin\/wp-content\/uploads\/2015\/10\/duschkopf.jpg 849w, https:\/\/www.duschenprofis.de\/magazin\/wp-content\/uploads\/2015\/10\/duschkopf-300x200.jpg 300w, https:\/\/www.duschenprofis.de\/magazin\/wp-content\/uploads\/2015\/10\/duschkopf-768x511.jpg 768w, https:\/\/www.duschenprofis.de\/magazin\/wp-content\/uploads\/2015\/10\/duschkopf-705x469.jpg 705w\" sizes=\"auto, (max-width: 849px) 100vw, 849px\" \/><p id=\"caption-attachment-160\" class=\"wp-caption-text\">Regendusche, unterschiedliche Strahlarten \u2013 der einfache Austausch Ihres Duschkopfes kann wahre Wohlf\u00fchlwunder bewirken.<\/p><\/div>\n<h3>Was sonst noch geht<\/h3>\n<p>Alexander Leopold sagt es selbst: <em>\u201eDekoration kann zwar das Bad versch\u00f6nern. Aber wenn es wirklich gut sein soll, braucht man immer einen Berater. Nur so erh\u00e4lt man ein auf den Benutzer und den Raum abgestimmtes Bad.\u201c<\/em><\/p>\n<p>Wir von duschenprofis.de stehen voll hinter dieser Aussage. Deswegen sind auch wir der Meinung: Sollten Sie den Wunsch nach einem v\u00f6llig neuen Duscherlebnis haben, <a href=\"https:\/\/www.duschenprofis.de\/anfrage.php\">dann lassen Sie sich von unserem Expertenteam beraten. <\/a>Wir finden mit Sicherheit die richtige L\u00f6sung um Ihr Badezimmer aufzupeppen, so dass Sie bald mit Ihrer neuen Traumdusche den Tag beginnen k\u00f6nnen.<\/p>\n<p><strong>Wir bedanken uns ganz herzlich bei Alexander Leopold f\u00fcr das aufschlussreiche Interview und w\u00fcnschen Ihnen eine entspannte Zeit in Ihrem neu gestalteten Bad!<\/strong><\/p>\n<p><small><strong>Bilder<\/strong>: Bild 1: \u00a9 iStock.com \/ loloalvarez; Bild 2: \u00a9 Alexander Leopold; Bild 3: \u00a9 iStock.com \/ photovideostock; Bild 4: \u00a9 iStock.com \/ whitehoune; Bild 5: \u00a9 iStock.com \/ Naphat_Jorjee; Bild 6 \u00a9 iStock.com \/ IPGGutenbergUKLtd; Bild 7 \u00a9 iStock.com \/ 123object, Bild 8: \u00a9 iStock.com \/ anthurren.<\/small><\/p>\n<\/div><\/section>\n","protected":false},"excerpt":{"rendered":"<p>Wenn Ihnen Ihr Bad nicht gef\u00e4llt, haben Sie nur zwei M\u00f6glichkeiten: Renovieren oder Aufh\u00fcbschen. Wie Sie Ihr pers\u00f6nliches Traumbad gestalten, verr\u00e4t Ihnen Bad-Designer Alexander Leopold.<\/p>\n","protected":false},"author":2,"featured_media":163,"comment_status":"open","ping_status":"closed","sticky":false,"template":"","format":"standard","meta":{"footnotes":""},"categories":[4,8],"tags":[11,16,60,18,22],"class_list":["post-150","post","type-post","status-publish","format-standard","has-post-thumbnail","hentry","category-gestalten","category-tipps-und-tricks","tag-bad-verschoenern","tag-beleuchtung","tag-beliebte-artikel","tag-familienbad","tag-wellness-bad"],"yoast_head":"<!-- This site is optimized with the Yoast SEO plugin v27.4 - https:\/\/yoast.com\/product\/yoast-seo-wordpress\/ -->\n<title>Bad versch\u00f6nern ohne Sanierung: 5 einfache Tricks<\/title>\n<meta name=\"description\" content=\"Sie wollen Ihre Badeinrichtung nicht renovieren? Ein Baddesigner zeigt Ihnen in 5 Schritten, wie sich Ihr Bad trotzdem aufpeppen l\u00e4sst.\" \/>\n<meta name=\"robots\" content=\"index, follow, max-snippet:-1, max-image-preview:large, max-video-preview:-1\" \/>\n<link rel=\"canonical\" href=\"https:\/\/www.duschenprofis.de\/magazin\/bad-verschoenern\/\" \/>\n<meta property=\"og:locale\" content=\"de_DE\" \/>\n<meta property=\"og:type\" content=\"article\" \/>\n<meta property=\"og:title\" content=\"Bad versch\u00f6nern mit 5 einfachen Tricks \u2013 ohne Sanierung\" \/>\n<meta property=\"og:description\" content=\"Sie wollen oder k\u00f6nnen Ihre Badeinrichtung nicht renovieren? Ein Bad-Designer zeigt Ihnen in 5 Schritten, wie sich Ihr Bad trotzdem aufpeppen l\u00e4sst.\" \/>\n<meta property=\"og:url\" content=\"https:\/\/www.duschenprofis.de\/magazin\/bad-verschoenern\/\" \/>\n<meta property=\"og:site_name\" content=\"Duschenprofis\" \/>\n<meta property=\"article:publisher\" content=\"https:\/\/www.facebook.com\/duschenprofis\/\" \/>\n<meta property=\"article:published_time\" content=\"2015-10-06T09:23:43+00:00\" \/>\n<meta property=\"article:modified_time\" content=\"2025-12-15T11:17:05+00:00\" \/>\n<meta property=\"og:image\" content=\"https:\/\/www.duschenprofis.de\/magazin\/wp-content\/uploads\/2015\/10\/kerzen-romantisch-bad-klein.jpg\" \/>\n\t<meta property=\"og:image:width\" content=\"600\" \/>\n\t<meta property=\"og:image:height\" content=\"428\" \/>\n\t<meta property=\"og:image:type\" content=\"image\/jpeg\" \/>\n<meta name=\"author\" content=\"Duschenprofis\" \/>\n<meta name=\"twitter:card\" content=\"summary_large_image\" \/>\n<meta name=\"twitter:label1\" content=\"Verfasst von\" \/>\n\t<meta name=\"twitter:data1\" content=\"Duschenprofis\" \/>\n\t<meta name=\"twitter:label2\" content=\"Gesch\u00e4tzte Lesezeit\" \/>\n\t<meta name=\"twitter:data2\" content=\"11\u00a0Minuten\" \/>\n<script type=\"application\/ld+json\" class=\"yoast-schema-graph\">{\"@context\":\"https:\\\/\\\/schema.org\",\"@graph\":[{\"@type\":\"Article\",\"@id\":\"https:\\\/\\\/www.duschenprofis.de\\\/magazin\\\/bad-verschoenern\\\/#article\",\"isPartOf\":{\"@id\":\"https:\\\/\\\/www.duschenprofis.de\\\/magazin\\\/bad-verschoenern\\\/\"},\"author\":{\"name\":\"Duschenprofis\",\"@id\":\"https:\\\/\\\/www.duschenprofis.de\\\/magazin\\\/#\\\/schema\\\/person\\\/5e10dfd59a799b37675a368453bf2ae8\"},\"headline\":\"Wie Sie mit 5 einfachen Tricks jedes Bad versch\u00f6nern k\u00f6nnen\",\"datePublished\":\"2015-10-06T09:23:43+00:00\",\"dateModified\":\"2025-12-15T11:17:05+00:00\",\"mainEntityOfPage\":{\"@id\":\"https:\\\/\\\/www.duschenprofis.de\\\/magazin\\\/bad-verschoenern\\\/\"},\"wordCount\":1852,\"commentCount\":0,\"image\":{\"@id\":\"https:\\\/\\\/www.duschenprofis.de\\\/magazin\\\/bad-verschoenern\\\/#primaryimage\"},\"thumbnailUrl\":\"https:\\\/\\\/www.duschenprofis.de\\\/magazin\\\/wp-content\\\/uploads\\\/2015\\\/10\\\/kerzen-romantisch-bad-klein.jpg\",\"keywords\":[\"Bad versch\u00f6nern\",\"Beleuchtung\",\"Beliebte Artikel\",\"Familienbad\",\"Wellness Bad\"],\"articleSection\":[\"Gestalten\",\"Tipps &amp; Tricks\"],\"inLanguage\":\"de\",\"potentialAction\":[{\"@type\":\"CommentAction\",\"name\":\"Comment\",\"target\":[\"https:\\\/\\\/www.duschenprofis.de\\\/magazin\\\/bad-verschoenern\\\/#respond\"]}]},{\"@type\":\"WebPage\",\"@id\":\"https:\\\/\\\/www.duschenprofis.de\\\/magazin\\\/bad-verschoenern\\\/\",\"url\":\"https:\\\/\\\/www.duschenprofis.de\\\/magazin\\\/bad-verschoenern\\\/\",\"name\":\"Bad versch\u00f6nern ohne Sanierung: 5 einfache Tricks\",\"isPartOf\":{\"@id\":\"https:\\\/\\\/www.duschenprofis.de\\\/magazin\\\/#website\"},\"primaryImageOfPage\":{\"@id\":\"https:\\\/\\\/www.duschenprofis.de\\\/magazin\\\/bad-verschoenern\\\/#primaryimage\"},\"image\":{\"@id\":\"https:\\\/\\\/www.duschenprofis.de\\\/magazin\\\/bad-verschoenern\\\/#primaryimage\"},\"thumbnailUrl\":\"https:\\\/\\\/www.duschenprofis.de\\\/magazin\\\/wp-content\\\/uploads\\\/2015\\\/10\\\/kerzen-romantisch-bad-klein.jpg\",\"datePublished\":\"2015-10-06T09:23:43+00:00\",\"dateModified\":\"2025-12-15T11:17:05+00:00\",\"author\":{\"@id\":\"https:\\\/\\\/www.duschenprofis.de\\\/magazin\\\/#\\\/schema\\\/person\\\/5e10dfd59a799b37675a368453bf2ae8\"},\"description\":\"Sie wollen Ihre Badeinrichtung nicht renovieren? Ein Baddesigner zeigt Ihnen in 5 Schritten, wie sich Ihr Bad trotzdem aufpeppen l\u00e4sst.\",\"breadcrumb\":{\"@id\":\"https:\\\/\\\/www.duschenprofis.de\\\/magazin\\\/bad-verschoenern\\\/#breadcrumb\"},\"inLanguage\":\"de\",\"potentialAction\":[{\"@type\":\"ReadAction\",\"target\":[\"https:\\\/\\\/www.duschenprofis.de\\\/magazin\\\/bad-verschoenern\\\/\"]}]},{\"@type\":\"ImageObject\",\"inLanguage\":\"de\",\"@id\":\"https:\\\/\\\/www.duschenprofis.de\\\/magazin\\\/bad-verschoenern\\\/#primaryimage\",\"url\":\"https:\\\/\\\/www.duschenprofis.de\\\/magazin\\\/wp-content\\\/uploads\\\/2015\\\/10\\\/kerzen-romantisch-bad-klein.jpg\",\"contentUrl\":\"https:\\\/\\\/www.duschenprofis.de\\\/magazin\\\/wp-content\\\/uploads\\\/2015\\\/10\\\/kerzen-romantisch-bad-klein.jpg\",\"width\":600,\"height\":428,\"caption\":\"bunte Kerzen\"},{\"@type\":\"BreadcrumbList\",\"@id\":\"https:\\\/\\\/www.duschenprofis.de\\\/magazin\\\/bad-verschoenern\\\/#breadcrumb\",\"itemListElement\":[{\"@type\":\"ListItem\",\"position\":1,\"name\":\"Startseite\",\"item\":\"https:\\\/\\\/www.duschenprofis.de\\\/magazin\\\/\"},{\"@type\":\"ListItem\",\"position\":2,\"name\":\"Wie Sie mit 5 einfachen Tricks jedes Bad versch\u00f6nern k\u00f6nnen\"}]},{\"@type\":\"WebSite\",\"@id\":\"https:\\\/\\\/www.duschenprofis.de\\\/magazin\\\/#website\",\"url\":\"https:\\\/\\\/www.duschenprofis.de\\\/magazin\\\/\",\"name\":\"Duschenprofis\",\"description\":\"Neues von den Duschenprofis: Tipps und Tricks rund ums Bad, DiY und Ratgeber zur Badplanung.\",\"potentialAction\":[{\"@type\":\"SearchAction\",\"target\":{\"@type\":\"EntryPoint\",\"urlTemplate\":\"https:\\\/\\\/www.duschenprofis.de\\\/magazin\\\/?s={search_term_string}\"},\"query-input\":{\"@type\":\"PropertyValueSpecification\",\"valueRequired\":true,\"valueName\":\"search_term_string\"}}],\"inLanguage\":\"de\"},{\"@type\":\"Person\",\"@id\":\"https:\\\/\\\/www.duschenprofis.de\\\/magazin\\\/#\\\/schema\\\/person\\\/5e10dfd59a799b37675a368453bf2ae8\",\"name\":\"Duschenprofis\"}]}<\/script>\n<!-- \/ Yoast SEO plugin. -->","yoast_head_json":{"title":"Bad versch\u00f6nern ohne Sanierung: 5 einfache Tricks","description":"Sie wollen Ihre Badeinrichtung nicht renovieren? Ein Baddesigner zeigt Ihnen in 5 Schritten, wie sich Ihr Bad trotzdem aufpeppen l\u00e4sst.","robots":{"index":"index","follow":"follow","max-snippet":"max-snippet:-1","max-image-preview":"max-image-preview:large","max-video-preview":"max-video-preview:-1"},"canonical":"https:\/\/www.duschenprofis.de\/magazin\/bad-verschoenern\/","og_locale":"de_DE","og_type":"article","og_title":"Bad versch\u00f6nern mit 5 einfachen Tricks \u2013 ohne Sanierung","og_description":"Sie wollen oder k\u00f6nnen Ihre Badeinrichtung nicht renovieren? Ein Bad-Designer zeigt Ihnen in 5 Schritten, wie sich Ihr Bad trotzdem aufpeppen l\u00e4sst.","og_url":"https:\/\/www.duschenprofis.de\/magazin\/bad-verschoenern\/","og_site_name":"Duschenprofis","article_publisher":"https:\/\/www.facebook.com\/duschenprofis\/","article_published_time":"2015-10-06T09:23:43+00:00","article_modified_time":"2025-12-15T11:17:05+00:00","og_image":[{"width":600,"height":428,"url":"https:\/\/www.duschenprofis.de\/magazin\/wp-content\/uploads\/2015\/10\/kerzen-romantisch-bad-klein.jpg","type":"image\/jpeg"}],"author":"Duschenprofis","twitter_card":"summary_large_image","twitter_misc":{"Verfasst von":"Duschenprofis","Gesch\u00e4tzte Lesezeit":"11\u00a0Minuten"},"schema":{"@context":"https:\/\/schema.org","@graph":[{"@type":"Article","@id":"https:\/\/www.duschenprofis.de\/magazin\/bad-verschoenern\/#article","isPartOf":{"@id":"https:\/\/www.duschenprofis.de\/magazin\/bad-verschoenern\/"},"author":{"name":"Duschenprofis","@id":"https:\/\/www.duschenprofis.de\/magazin\/#\/schema\/person\/5e10dfd59a799b37675a368453bf2ae8"},"headline":"Wie Sie mit 5 einfachen Tricks jedes Bad versch\u00f6nern k\u00f6nnen","datePublished":"2015-10-06T09:23:43+00:00","dateModified":"2025-12-15T11:17:05+00:00","mainEntityOfPage":{"@id":"https:\/\/www.duschenprofis.de\/magazin\/bad-verschoenern\/"},"wordCount":1852,"commentCount":0,"image":{"@id":"https:\/\/www.duschenprofis.de\/magazin\/bad-verschoenern\/#primaryimage"},"thumbnailUrl":"https:\/\/www.duschenprofis.de\/magazin\/wp-content\/uploads\/2015\/10\/kerzen-romantisch-bad-klein.jpg","keywords":["Bad versch\u00f6nern","Beleuchtung","Beliebte Artikel","Familienbad","Wellness Bad"],"articleSection":["Gestalten","Tipps &amp; Tricks"],"inLanguage":"de","potentialAction":[{"@type":"CommentAction","name":"Comment","target":["https:\/\/www.duschenprofis.de\/magazin\/bad-verschoenern\/#respond"]}]},{"@type":"WebPage","@id":"https:\/\/www.duschenprofis.de\/magazin\/bad-verschoenern\/","url":"https:\/\/www.duschenprofis.de\/magazin\/bad-verschoenern\/","name":"Bad versch\u00f6nern ohne Sanierung: 5 einfache Tricks","isPartOf":{"@id":"https:\/\/www.duschenprofis.de\/magazin\/#website"},"primaryImageOfPage":{"@id":"https:\/\/www.duschenprofis.de\/magazin\/bad-verschoenern\/#primaryimage"},"image":{"@id":"https:\/\/www.duschenprofis.de\/magazin\/bad-verschoenern\/#primaryimage"},"thumbnailUrl":"https:\/\/www.duschenprofis.de\/magazin\/wp-content\/uploads\/2015\/10\/kerzen-romantisch-bad-klein.jpg","datePublished":"2015-10-06T09:23:43+00:00","dateModified":"2025-12-15T11:17:05+00:00","author":{"@id":"https:\/\/www.duschenprofis.de\/magazin\/#\/schema\/person\/5e10dfd59a799b37675a368453bf2ae8"},"description":"Sie wollen Ihre Badeinrichtung nicht renovieren? Ein Baddesigner zeigt Ihnen in 5 Schritten, wie sich Ihr Bad trotzdem aufpeppen l\u00e4sst.","breadcrumb":{"@id":"https:\/\/www.duschenprofis.de\/magazin\/bad-verschoenern\/#breadcrumb"},"inLanguage":"de","potentialAction":[{"@type":"ReadAction","target":["https:\/\/www.duschenprofis.de\/magazin\/bad-verschoenern\/"]}]},{"@type":"ImageObject","inLanguage":"de","@id":"https:\/\/www.duschenprofis.de\/magazin\/bad-verschoenern\/#primaryimage","url":"https:\/\/www.duschenprofis.de\/magazin\/wp-content\/uploads\/2015\/10\/kerzen-romantisch-bad-klein.jpg","contentUrl":"https:\/\/www.duschenprofis.de\/magazin\/wp-content\/uploads\/2015\/10\/kerzen-romantisch-bad-klein.jpg","width":600,"height":428,"caption":"bunte Kerzen"},{"@type":"BreadcrumbList","@id":"https:\/\/www.duschenprofis.de\/magazin\/bad-verschoenern\/#breadcrumb","itemListElement":[{"@type":"ListItem","position":1,"name":"Startseite","item":"https:\/\/www.duschenprofis.de\/magazin\/"},{"@type":"ListItem","position":2,"name":"Wie Sie mit 5 einfachen Tricks jedes Bad versch\u00f6nern k\u00f6nnen"}]},{"@type":"WebSite","@id":"https:\/\/www.duschenprofis.de\/magazin\/#website","url":"https:\/\/www.duschenprofis.de\/magazin\/","name":"Duschenprofis","description":"Neues von den Duschenprofis: Tipps und Tricks rund ums Bad, DiY und Ratgeber zur Badplanung.","potentialAction":[{"@type":"SearchAction","target":{"@type":"EntryPoint","urlTemplate":"https:\/\/www.duschenprofis.de\/magazin\/?s={search_term_string}"},"query-input":{"@type":"PropertyValueSpecification","valueRequired":true,"valueName":"search_term_string"}}],"inLanguage":"de"},{"@type":"Person","@id":"https:\/\/www.duschenprofis.de\/magazin\/#\/schema\/person\/5e10dfd59a799b37675a368453bf2ae8","name":"Duschenprofis"}]}},"lang":"de","translations":{"de":150,"de-at":7758},"pll_sync_post":{"de":true},"_links":{"self":[{"href":"https:\/\/www.duschenprofis.de\/magazin\/wp-json\/wp\/v2\/posts\/150","targetHints":{"allow":["GET"]}}],"collection":[{"href":"https:\/\/www.duschenprofis.de\/magazin\/wp-json\/wp\/v2\/posts"}],"about":[{"href":"https:\/\/www.duschenprofis.de\/magazin\/wp-json\/wp\/v2\/types\/post"}],"author":[{"embeddable":true,"href":"https:\/\/www.duschenprofis.de\/magazin\/wp-json\/wp\/v2\/users\/2"}],"replies":[{"embeddable":true,"href":"https:\/\/www.duschenprofis.de\/magazin\/wp-json\/wp\/v2\/comments?post=150"}],"version-history":[{"count":11,"href":"https:\/\/www.duschenprofis.de\/magazin\/wp-json\/wp\/v2\/posts\/150\/revisions"}],"predecessor-version":[{"id":8565,"href":"https:\/\/www.duschenprofis.de\/magazin\/wp-json\/wp\/v2\/posts\/150\/revisions\/8565"}],"wp:featuredmedia":[{"embeddable":true,"href":"https:\/\/www.duschenprofis.de\/magazin\/wp-json\/wp\/v2\/media\/163"}],"wp:attachment":[{"href":"https:\/\/www.duschenprofis.de\/magazin\/wp-json\/wp\/v2\/media?parent=150"}],"wp:term":[{"taxonomy":"category","embeddable":true,"href":"https:\/\/www.duschenprofis.de\/magazin\/wp-json\/wp\/v2\/categories?post=150"},{"taxonomy":"post_tag","embeddable":true,"href":"https:\/\/www.duschenprofis.de\/magazin\/wp-json\/wp\/v2\/tags?post=150"}],"curies":[{"name":"wp","href":"https:\/\/api.w.org\/{rel}","templated":true}]}}